{"id":68013,"date":"2023-11-21T11:13:46","date_gmt":"2023-11-21T10:13:46","guid":{"rendered":"https:\/\/jugulajm.net\/?p=68013"},"modified":"2023-11-21T11:15:18","modified_gmt":"2023-11-21T10:15:18","slug":"analisti-ministra-ish-ministra-e-drejtues-te-renesishem-mediash-gati-ne-rrjeten-e-spak-dhe","status":"publish","type":"post","link":"https:\/\/jugulajm.net\/?p=68013","title":{"rendered":"Analisti: Ministra, ish-ministra e drejtues t\u00eb r\u00ebnd\u00ebsish\u00ebm mediash, gati n\u00eb rrjet\u00ebn e SPAK dhe&#8230;"},"content":{"rendered":"<p>Pas goditjes q\u00eb SPAK b\u00ebri mbr\u00ebmjen e k\u00ebsaj t\u00eb h\u00ebne n\u00eb radh\u00ebt e policis\u00eb, duke arrestuar disa persona edhe nga radhet e policise, analisti Lorenc Vangjeli paralajm\u00ebroi p\u00ebr t\u00eb tjera zhvillime t\u00eb r\u00ebnd\u00ebsishme.<\/p>\n<p>Gjat\u00eb nj\u00eb interviste n\u00eb \u201cTop Story\u201d, Vangjeli deklaroi se shum\u00eb shpejt do t\u00eb shohim emra ministrash e ish-ministrash si edhe p\u00ebrfaq\u00ebsues t\u00eb medias q\u00eb do t\u00eb goditen nga SPAK.<\/p>\n<p>\u201cDo t\u00eb shikojm\u00eb politikan\u00eb t\u00eb r\u00ebnd\u00ebsish\u00ebm q\u00eb kan\u00eb shk\u00eblqyer me \u2018make up-in\u2019 e tyre n\u00ebn drit\u00ebn e prozhektor\u00ebve, q\u00eb do t\u00eb shnd\u00ebrrohen n\u00eb bandit\u00eb t\u00eb r\u00ebndomt\u00eb.<\/p>\n<p>Ministra dhe ish-ministra, deputet\u00eb. S\u2019keni par\u00eb asgj\u00eb akoma, thoshte dikur Edi Rama.<\/p>\n<p>S\u2019keni par\u00eb gj\u00eb akoma duket sikur thot\u00eb Dumani dhe njer\u00ebzit e tij.<\/p>\n<p>Do t\u00eb ket\u00eb edhe njer\u00ebz t\u00eb r\u00ebnd\u00ebsish\u00ebm t\u00eb medias\u201d, u shpreh Vangjeli.<\/p>\n","protected":false},"excerpt":{"rendered":"<p>Pas goditjes q\u00eb SPAK b\u00ebri mbr\u00ebmjen e k\u00ebsaj t\u00eb h\u00ebne n\u00eb radh\u00ebt e policis\u00eb, duke arrestuar disa persona edhe nga radhet e policise, analisti Lorenc Vangjeli paralajm\u00ebroi p\u00ebr t\u00eb tjera zhvillime t\u00eb r\u00ebnd\u00ebsishme. Gjat\u00eb nj\u00eb interviste n\u00eb \u201cTop Story\u201d, Vangjeli deklaroi se shum\u00eb shpejt do t\u00eb shohim emra ministrash e ish-ministrash si edhe p\u00ebrfaq\u00ebsues t\u00eb [&hellip;]<\/p>\n","protected":false},"author":5,"featured_media":54029,"comment_status":"closed","ping_status":"closed","sticky":false,"template":"","format":"standard","meta":{"footnotes":""},"categories":[1,6332],"tags":[27772,27775,27774],"class_list":{"0":"post-68013","1":"post","2":"type-post","3":"status-publish","4":"format-standard","5":"has-post-thumbnail","7":"category-aktualitet","8":"category-te-fundit","9":"tag-analisti-ministra","10":"tag-gati-ne-rrjeten-e-spak-dhe","11":"tag-ish-ministra-e-drejtues-te-rendesishem-mediash"},"_links":{"self":[{"href":"https:\/\/jugulajm.net\/index.php?rest_route=\/wp\/v2\/posts\/68013","targetHints":{"allow":["GET"]}}],"collection":[{"href":"https:\/\/jugulajm.net\/index.php?rest_route=\/wp\/v2\/posts"}],"about":[{"href":"https:\/\/jugulajm.net\/index.php?rest_route=\/wp\/v2\/types\/post"}],"author":[{"embeddable":true,"href":"https:\/\/jugulajm.net\/index.php?rest_route=\/wp\/v2\/users\/5"}],"replies":[{"embeddable":true,"href":"https:\/\/jugulajm.net\/index.php?rest_route=%2Fwp%2Fv2%2Fcomments&post=68013"}],"version-history":[{"count":0,"href":"https:\/\/jugulajm.net\/index.php?rest_route=\/wp\/v2\/posts\/68013\/revisions"}],"wp:featuredmedia":[{"embeddable":true,"href":"https:\/\/jugulajm.net\/index.php?rest_route=\/wp\/v2\/media\/54029"}],"wp:attachment":[{"href":"https:\/\/jugulajm.net\/index.php?rest_route=%2Fwp%2Fv2%2Fmedia&parent=68013"}],"wp:term":[{"taxonomy":"category","embeddable":true,"href":"https:\/\/jugulajm.net\/index.php?rest_route=%2Fwp%2Fv2%2Fcategories&post=68013"},{"taxonomy":"post_tag","embeddable":true,"href":"https:\/\/jugulajm.net\/index.php?rest_route=%2Fwp%2Fv2%2Ftags&post=68013"}],"curies":[{"name":"wp","href":"https:\/\/api.w.org\/{rel}","templated":true}]}}