{"id":68008,"date":"2023-11-21T09:26:55","date_gmt":"2023-11-21T08:26:55","guid":{"rendered":"https:\/\/jugulajm.net\/?p=68008"},"modified":"2023-11-21T09:27:15","modified_gmt":"2023-11-21T08:27:15","slug":"gazetarja-hoxha-zbardh-emrat-dhe-akuzat-e-te-arrestuarve-nga-spak","status":"publish","type":"post","link":"https:\/\/jugulajm.net\/?p=68008","title":{"rendered":"Gazetarja Hoxha zbardh EMRAT dhe akuzat e t\u00eb arrestuarve nga SPAK"},"content":{"rendered":"<p>Zbardhen emrat e personave q\u00eb p\u00ebrfunduan n\u00eb pranga mbr\u00ebmjen e djeshme nga aksioni i SPAK.<\/p>\n<p>Gazetarja Anila Hoxha b\u00ebn me dije p\u00ebr Top Channel detaje mbi akuzat dhe aksionin e mbr\u00ebmjes s\u00eb kaluar q\u00eb po vijon ende.<\/p>\n<p><strong>T\u00cb ARRESTUARIT DHE AKUZAT:<\/strong><\/p>\n<div class=\"insertion-box\">\n<div class=\"\">\n<div id=\"t655c67bfc5211\" data-p=\"100\"><strong>Ervin Mata<\/strong>, i cili dyshohet se gjendet jasht\u00eb vendit sipas gazetares Hoxha, dyshohet p\u00ebr grup t\u00eb strukturuar kriminal, trafik\u00a0 narkotik\u00ebsh dhe kryerje e veprimeve nga organizata kriminale.<\/div>\n<\/div>\n<\/div>\n<p><strong>Ismail Zeneli<\/strong>, akuzohet p\u00ebr vepr\u00ebn e sigurimit t\u00eb kushteve p\u00ebr t\u00eb kryer vrasje.<\/p>\n<p><strong>Bujar Ajeti<\/strong>, nga Kuk\u00ebsi ka t\u00eb nj\u00ebjtat akuza si Zeneli. Nd\u00ebrkoh\u00eb q\u00eb\u00a0Dedian Gjoni, shef i krimeve n\u00eb Kombinat, i cili \u00ebsht\u00eb nga Lezha dyshohet t\u00eb ket\u00eb siguruar kushtet p\u00ebr t\u00eb kryer nj\u00eb vrasje n\u00eb bashk\u00ebpunim me grupin kriminal.<\/p>\n<p>Djali i Erzen Brecanit,\u00a0<strong>Eraldi<\/strong>\u00a0dyshohet dhe p\u00ebr trafik nd\u00ebrkomb\u00ebtar droge dhe pastrim parash<\/p>\n<p><strong>Erzen Brecani<\/strong>\u00a0ka vepr\u00ebn e pastrimit t\u00eb parave dhe\u00a0 dhe p\u00ebrkrahje e autorit t\u00eb krimit.<\/p>\n<p>N\u00eb list\u00eb gjenden edhe\u00a0<strong>Bujar Grabova, Besmir Murati,\u00a0Artan Sulejmani,\u00a0Albert Prenga\u00a0dhe\u00a0Bajram Grabova,<\/strong>\u00a0t\u00eb dyshuar p\u00ebr trafik kokaine. Grupi trafikonte kokain\u00eb nga Ekuadori dhe Kolumbia drejt vendeve t\u00eb Bashkimit Europuian.<\/p>\n<p>Nd\u00ebrkoh\u00eb q\u00eb planet p\u00ebr t\u00eb vrar\u00eb kund\u00ebrshtar\u00ebt ndodh\u00ebn midis 2019-2020 n\u00eb Durr\u00ebs, Belgjik\u00eb dhe Holand\u00eb. Ve\u00e7 prishjes s\u00eb pazareve p\u00ebr ngarkesat e drog\u00ebs, shkak i planeve p\u00ebr krime ishte dhe ajo e p\u00ebrplasjes dhe hasm\u00ebrive midis Ervis Martinit ( i shum\u00eb k\u00ebrkuar dhe me dy masa sigurimi n\u00eb munges\u00eb arrest me burg) dhe Ervin Mat\u00ebs ( i k\u00ebrkuar).<\/p>\n","protected":false},"excerpt":{"rendered":"<p>Zbardhen emrat e personave q\u00eb p\u00ebrfunduan n\u00eb pranga mbr\u00ebmjen e djeshme nga aksioni i SPAK. Gazetarja Anila Hoxha b\u00ebn me dije p\u00ebr Top Channel detaje mbi akuzat dhe aksionin e mbr\u00ebmjes s\u00eb kaluar q\u00eb po vijon ende. T\u00cb ARRESTUARIT DHE AKUZAT: Ervin Mata, i cili dyshohet se gjendet jasht\u00eb vendit sipas gazetares Hoxha, dyshohet p\u00ebr [&hellip;]<\/p>\n","protected":false},"author":5,"featured_media":62435,"comment_status":"closed","ping_status":"closed","sticky":false,"template":"","format":"standard","meta":{"footnotes":""},"categories":[1,6332],"tags":[27771],"class_list":{"0":"post-68008","1":"post","2":"type-post","3":"status-publish","4":"format-standard","5":"has-post-thumbnail","7":"category-aktualitet","8":"category-te-fundit","9":"tag-gazetarja-hoxha-zbardh-emrat-dhe-akuzat-e-te-arrestuarve-nga-spak"},"_links":{"self":[{"href":"https:\/\/jugulajm.net\/index.php?rest_route=\/wp\/v2\/posts\/68008","targetHints":{"allow":["GET"]}}],"collection":[{"href":"https:\/\/jugulajm.net\/index.php?rest_route=\/wp\/v2\/posts"}],"about":[{"href":"https:\/\/jugulajm.net\/index.php?rest_route=\/wp\/v2\/types\/post"}],"author":[{"embeddable":true,"href":"https:\/\/jugulajm.net\/index.php?rest_route=\/wp\/v2\/users\/5"}],"replies":[{"embeddable":true,"href":"https:\/\/jugulajm.net\/index.php?rest_route=%2Fwp%2Fv2%2Fcomments&post=68008"}],"version-history":[{"count":0,"href":"https:\/\/jugulajm.net\/index.php?rest_route=\/wp\/v2\/posts\/68008\/revisions"}],"wp:featuredmedia":[{"embeddable":true,"href":"https:\/\/jugulajm.net\/index.php?rest_route=\/wp\/v2\/media\/62435"}],"wp:attachment":[{"href":"https:\/\/jugulajm.net\/index.php?rest_route=%2Fwp%2Fv2%2Fmedia&parent=68008"}],"wp:term":[{"taxonomy":"category","embeddable":true,"href":"https:\/\/jugulajm.net\/index.php?rest_route=%2Fwp%2Fv2%2Fcategories&post=68008"},{"taxonomy":"post_tag","embeddable":true,"href":"https:\/\/jugulajm.net\/index.php?rest_route=%2Fwp%2Fv2%2Ftags&post=68008"}],"curies":[{"name":"wp","href":"https:\/\/api.w.org\/{rel}","templated":true}]}}