{"id":67995,"date":"2023-11-20T20:22:40","date_gmt":"2023-11-20T19:22:40","guid":{"rendered":"https:\/\/jugulajm.net\/?p=67995"},"modified":"2023-11-20T20:27:50","modified_gmt":"2023-11-20T19:27:50","slug":"lajm-i-fundit-11-urdher-arreste-nga-spak-ja-disa-nga-emrat-dhe-akuzat","status":"publish","type":"post","link":"https:\/\/jugulajm.net\/?p=67995","title":{"rendered":"LAJM I FUNDIT\/ 11 urdh\u00ebr-arreste nga SPAK, ja disa nga EMRAT dhe akuzat&#8230;"},"content":{"rendered":"<p>SPAK ka l\u00ebshuar 11 urdh\u00ebr-arreste k\u00ebt\u00eb t\u00eb h\u00ebn\u00eb.<\/p>\n<p>Deri m\u00eb tani raportohet p\u00ebr disa t\u00eb arrestuar n\u00eb Tiran\u00eb.<\/p>\n<p>N\u00eb kuad\u00ebr t\u00eb operacionit t\u00eb SPAK, \u00ebsht\u00eb shoq\u00ebruar n\u00eb polici edhe ish-drejtori i Policis\u00eb s\u00eb Tiran\u00ebs, Erzen Bre\u00e7ani dhe djali i tij\u00a0Eralbi Bre\u00e7ani.<\/p>\n<p>Po ashtu, \u00ebsht\u00eb l\u00ebshuar urdh\u00ebr arresti edhe p\u00ebr shefin e krimeve n\u00eb Komisariatin num\u00ebr 6, Dedan Gjoni.<\/p>\n<p>Ndaj k\u00ebtij t\u00eb fundit jan\u00eb ngritur disa akuza p\u00ebr vepra t\u00eb r\u00ebnda penale.<\/p>\n<p>Nj\u00eb prej akuzave te ngritura \u00ebsht\u00eb ajo e sigurimit te kushteve per t\u00eb kryer vrasje.<\/p>\n<p>Mbi 11 t\u00eb dyshuarit r\u00ebndojn\u00eb akuza p\u00ebr\u00a0pastrim parash, grup i strukturuat kriminal, trafik dorge, sigurim kushtesh p\u00ebr t\u00eb kryer vrasje, shp\u00ebrdorim detyre dhe p\u00ebrkrahje e autorit t\u00eb krimit.<\/p>\n<p>Operacioni \u00ebsht\u00eb ende n\u00eb vijim dhe pritet q\u00eb t\u00eb ket\u00eb nj\u00eb njoftim zyrtar p\u00ebr t\u00eb dh\u00ebn\u00eb m\u00eb shum\u00eb detaje.<\/p>\n","protected":false},"excerpt":{"rendered":"<p>SPAK ka l\u00ebshuar 11 urdh\u00ebr-arreste k\u00ebt\u00eb t\u00eb h\u00ebn\u00eb. Deri m\u00eb tani raportohet p\u00ebr disa t\u00eb arrestuar n\u00eb Tiran\u00eb. N\u00eb kuad\u00ebr t\u00eb operacionit t\u00eb SPAK, \u00ebsht\u00eb shoq\u00ebruar n\u00eb polici edhe ish-drejtori i Policis\u00eb s\u00eb Tiran\u00ebs, Erzen Bre\u00e7ani dhe djali i tij\u00a0Eralbi Bre\u00e7ani. Po ashtu, \u00ebsht\u00eb l\u00ebshuar urdh\u00ebr arresti edhe p\u00ebr shefin e krimeve n\u00eb Komisariatin num\u00ebr [&hellip;]<\/p>\n","protected":false},"author":5,"featured_media":44927,"comment_status":"closed","ping_status":"closed","sticky":false,"template":"","format":"standard","meta":{"footnotes":""},"categories":[1,6332],"tags":[27766,27765],"class_list":{"0":"post-67995","1":"post","2":"type-post","3":"status-publish","4":"format-standard","5":"has-post-thumbnail","7":"category-aktualitet","8":"category-te-fundit","9":"tag-ja-disa-nga-emrat-dhe-akuzat","10":"tag-lajm-i-fundit-11-urdher-arreste-nga-spak"},"_links":{"self":[{"href":"https:\/\/jugulajm.net\/index.php?rest_route=\/wp\/v2\/posts\/67995","targetHints":{"allow":["GET"]}}],"collection":[{"href":"https:\/\/jugulajm.net\/index.php?rest_route=\/wp\/v2\/posts"}],"about":[{"href":"https:\/\/jugulajm.net\/index.php?rest_route=\/wp\/v2\/types\/post"}],"author":[{"embeddable":true,"href":"https:\/\/jugulajm.net\/index.php?rest_route=\/wp\/v2\/users\/5"}],"replies":[{"embeddable":true,"href":"https:\/\/jugulajm.net\/index.php?rest_route=%2Fwp%2Fv2%2Fcomments&post=67995"}],"version-history":[{"count":0,"href":"https:\/\/jugulajm.net\/index.php?rest_route=\/wp\/v2\/posts\/67995\/revisions"}],"wp:featuredmedia":[{"embeddable":true,"href":"https:\/\/jugulajm.net\/index.php?rest_route=\/wp\/v2\/media\/44927"}],"wp:attachment":[{"href":"https:\/\/jugulajm.net\/index.php?rest_route=%2Fwp%2Fv2%2Fmedia&parent=67995"}],"wp:term":[{"taxonomy":"category","embeddable":true,"href":"https:\/\/jugulajm.net\/index.php?rest_route=%2Fwp%2Fv2%2Fcategories&post=67995"},{"taxonomy":"post_tag","embeddable":true,"href":"https:\/\/jugulajm.net\/index.php?rest_route=%2Fwp%2Fv2%2Ftags&post=67995"}],"curies":[{"name":"wp","href":"https:\/\/api.w.org\/{rel}","templated":true}]}}