{"id":67980,"date":"2023-11-20T11:26:00","date_gmt":"2023-11-20T10:26:00","guid":{"rendered":"https:\/\/jugulajm.net\/?p=67980"},"modified":"2023-11-20T11:26:00","modified_gmt":"2023-11-20T10:26:00","slug":"cuci-skemi-arsye-pse-ta-perjashtojme-ahmetajn-nga-grupi-parlamentar","status":"publish","type":"post","link":"https:\/\/jugulajm.net\/?p=67980","title":{"rendered":"\u00c7u\u00e7i: S&#8217;kemi arsye pse ta p\u00ebrjashtojm\u00eb Ahmetajn nga grupi parlamentar"},"content":{"rendered":"<p>Kreu i grupit parlamentar t\u00eb PS, Bledi \u00c7u\u00e7i, \u00ebsht\u00eb pyetur nga gazetar\u00ebt n\u00ebse PS ka p\u00ebrjashtuar nga grupi ish-zv.kryeministrin Arben Ahmetajn.<\/p>\n<p>\u00c7u\u00e7i u shpreh se nuk e kan\u00eb p\u00ebrjashtuar pasi nuk ka arsye.<\/p>\n<p>I pyetur se pse nuk kan\u00eb vepruar nj\u00ebsoj si me rastin Tahiri, \u00c7u\u00e7i tha se ndryshe nga ky i fundit, Ahmetaj nuk \u00ebsht\u00eb prezent.<\/p>\n<p><em>\u201cJo, nuk kemi marr\u00eb mas\u00eb, arsye? \u00c7a arsye ka? Ai ka pun\u00eb me drejt\u00ebsin\u00eb. Ai nuk \u00ebsht\u00eb prezent. Saimir Tahiri ka qen\u00eb prezent\u201d,<\/em>\u00a0tha ai.<\/p>\n","protected":false},"excerpt":{"rendered":"<p>Kreu i grupit parlamentar t\u00eb PS, Bledi \u00c7u\u00e7i, \u00ebsht\u00eb pyetur nga gazetar\u00ebt n\u00ebse PS ka p\u00ebrjashtuar nga grupi ish-zv.kryeministrin Arben Ahmetajn. \u00c7u\u00e7i u shpreh se nuk e kan\u00eb p\u00ebrjashtuar pasi nuk ka arsye. I pyetur se pse nuk kan\u00eb vepruar nj\u00ebsoj si me rastin Tahiri, \u00c7u\u00e7i tha se ndryshe nga ky i fundit, Ahmetaj nuk [&hellip;]<\/p>\n","protected":false},"author":5,"featured_media":61920,"comment_status":"closed","ping_status":"closed","sticky":false,"template":"","format":"standard","meta":{"footnotes":""},"categories":[1,6326,6332],"tags":[27759],"class_list":{"0":"post-67980","1":"post","2":"type-post","3":"status-publish","4":"format-standard","5":"has-post-thumbnail","7":"category-aktualitet","8":"category-politike","9":"category-te-fundit","10":"tag-cuci-skemi-arsye-pse-ta-perjashtojme-ahmetajn-nga-grupi-parlamentar"},"_links":{"self":[{"href":"https:\/\/jugulajm.net\/index.php?rest_route=\/wp\/v2\/posts\/67980","targetHints":{"allow":["GET"]}}],"collection":[{"href":"https:\/\/jugulajm.net\/index.php?rest_route=\/wp\/v2\/posts"}],"about":[{"href":"https:\/\/jugulajm.net\/index.php?rest_route=\/wp\/v2\/types\/post"}],"author":[{"embeddable":true,"href":"https:\/\/jugulajm.net\/index.php?rest_route=\/wp\/v2\/users\/5"}],"replies":[{"embeddable":true,"href":"https:\/\/jugulajm.net\/index.php?rest_route=%2Fwp%2Fv2%2Fcomments&post=67980"}],"version-history":[{"count":0,"href":"https:\/\/jugulajm.net\/index.php?rest_route=\/wp\/v2\/posts\/67980\/revisions"}],"wp:featuredmedia":[{"embeddable":true,"href":"https:\/\/jugulajm.net\/index.php?rest_route=\/wp\/v2\/media\/61920"}],"wp:attachment":[{"href":"https:\/\/jugulajm.net\/index.php?rest_route=%2Fwp%2Fv2%2Fmedia&parent=67980"}],"wp:term":[{"taxonomy":"category","embeddable":true,"href":"https:\/\/jugulajm.net\/index.php?rest_route=%2Fwp%2Fv2%2Fcategories&post=67980"},{"taxonomy":"post_tag","embeddable":true,"href":"https:\/\/jugulajm.net\/index.php?rest_route=%2Fwp%2Fv2%2Ftags&post=67980"}],"curies":[{"name":"wp","href":"https:\/\/api.w.org\/{rel}","templated":true}]}}