{"id":67892,"date":"2023-11-18T13:20:14","date_gmt":"2023-11-18T12:20:14","guid":{"rendered":"https:\/\/jugulajm.net\/?p=67892"},"modified":"2023-11-18T13:20:14","modified_gmt":"2023-11-18T12:20:14","slug":"spak-merr-te-pandehur-ilir-beqajn","status":"publish","type":"post","link":"https:\/\/jugulajm.net\/?p=67892","title":{"rendered":"SPAK merr t\u00eb pandehur Ilir Beqajn"},"content":{"rendered":"<p>SPAK ka caktuar mas\u00eb sigurie &#8220;detyrim paraqitje&#8221; dhe &#8220;ndalim p\u00ebr t\u00eb dal\u00eb jasht\u00eb vendit&#8221; ish-ministrit t\u00eb Sh\u00ebndet\u00ebsis\u00eb Ilir Beqja.<\/p>\n<p>Ish-ministri akuzohet p\u00ebr shp\u00ebrdorim detyre kryer n\u00eb bashk\u00ebpunim, lidhur me koncesionin e sterilizimit.<\/p>\n<p>\u201cCaktimin ndaj personit n\u00ebn hetim I.B. me detyr\u00eb ish-Minist\u00ebr i Sh\u00ebndet\u00ebsis\u00eb, t\u00eb mas\u00ebs s\u00eb sigurimit \u201cDetyrim p\u00ebr paraqitje n\u00eb Policis\u00eb gjyq\u00ebsore\u201d dhe \u201cNdalim i i daljes jasht\u00eb shtetit\u201d, parashikuar nga nenet 234 dhe 233 t\u00eb K.Pr.Penale, si i dyshuar p\u00ebr vepr\u00ebn penale t\u00eb \u201cShp\u00ebrdorimit t\u00eb detyr\u00ebs\u201d e kryer n\u00eb bashk\u00ebpunim, t\u00eb parashikuara nga nenet 248 dhe 25 t\u00eb Kodit Penal\u201d, shkruhet n\u00eb njoftimin e SPAK.<\/p>\n<div class=\"ad-wrap\">\n<div class=\"ad-box\"><\/div>\n<\/div>\n<p><strong>Njoftimi i SPAK:<\/strong><\/p>\n<p>N\u00eb dat\u00eb 13.01.2020, Prokuroria e Posa\u00e7me Kund\u00ebr Korrupsionit dhe Krimit t\u00eb Organizuar, ka regjistruar procedimin penal nr.13 t\u00eb vitit 2020 q\u00eb b\u00ebn fjal\u00eb p\u00ebr veprat penale t\u00eb \u201cShp\u00ebrdorimi i detyr\u00ebs\u201d n\u00eb bashk\u00ebpunim, parashikuar nga neni 248-25 i Kodit Penal, \u201cShkelja e barazis\u00eb s\u00eb pjes\u00ebmarr\u00ebve n\u00eb tendera apo ankande publike\u201d kryer n\u00eb bashk\u00ebpunim, parashikuar nga neni 258-25 i Kodit Penal, \u201cKorrupsioni pasiv i funksionar\u00ebve t\u00eb lart\u00eb shtet\u00ebror ose i t\u00eb zgjedhurve vendor\u00eb\u201d parashikuar nga neni 260 i Kodit Penal, n\u00eb lidhje me procedur\u00ebn e dh\u00ebnies me koncension \u201cP\u00ebr sh\u00ebrbime t\u00eb integruara p\u00ebr ofrimin e setit t\u00eb personalizuar t\u00eb instrumenteve kirurgjikal\u00eb, furnizimin me material mjeksor steril nj\u00ebp\u00ebrdorim\u00ebsh n\u00eb sallat kirurgjikale si dhe trajtimin e mbetjeve biologjike dhe dezinfektimin e sallave kirurgjikale\u201d, nga Ministria e Sh\u00ebndet\u00ebsis\u00eb.<\/p>\n<p>N\u00eb vazhdim t\u00eb hetimeve p\u00ebr k\u00ebt\u00eb procedim penal, me k\u00ebrkes\u00ebn t\u00eb Prokuroris\u00eb s\u00eb Posa\u00e7me, Gjykata e Posa\u00e7me e Shkall\u00ebs s\u00eb Par\u00eb p\u00ebr Korrupsion dhe Krimin e Organizuar, me vendimin nr.119 akti dat\u00eb 16.11.2023 ka vendosur si m\u00eb posht\u00eb vijon:<\/p>\n<p>Caktimin ndaj personit n\u00ebn hetim I.B. me detyr\u00eb ish-Minist\u00ebr i Sh\u00ebndet\u00ebsis\u00eb, t\u00eb mas\u00ebs s\u00eb sigurimit \u201cDetyrim p\u00ebr paraqitje n\u00eb Policis\u00eb gjyq\u00ebsore\u201d dhe \u201cNdalim i i daljes jasht\u00eb shtetit\u201d, parashikuar nga nenet 234 dhe 233 t\u00eb K.Pr.Penale, si i dyshuar p\u00ebr vepr\u00ebn penale t\u00eb \u201cShp\u00ebrdorimit t\u00eb detyr\u00ebs\u201d e kryer n\u00eb bashk\u00ebpunim, t\u00eb parashikuara nga nenet 248 dhe 25 t\u00eb Kodit Penal.<\/p>\n<p>Urdh\u00ebrohet personin n\u00ebn hetim I. B. q\u00eb t\u00eb paraqitet para policis\u00eb gjyq\u00ebsore t\u00eb Byros\u00eb Komb\u00ebtare t\u00eb Hetimit, nj\u00eb her\u00eb n\u00eb jav\u00eb, dit\u00eb t\u00eb premte, ora 15.30.<\/p>\n<p>Urdh\u00ebrohet personin n\u00ebn hetim I.B. t\u00eb mos largohet nga territori i Republik\u00ebs s\u00eb Shqip\u00ebris\u00eb pa autorizimin e gjykat\u00ebs.<\/p>\n<p>Ndalohet p\u00ebrdorimi i pasaport\u00ebs dhe mjeteve t\u00eb tjera identifikuese t\u00eb vlefshme p\u00ebr daljen jasht\u00eb shtetit, p\u00ebr personin n\u00ebn hetim I.B..<\/p>\n<p>Vendimi p\u00ebr caktimin e mas\u00ebs s\u00eb sigurimit personal \u00ebsht\u00eb ekzekutuar nga Byroja Komb\u00ebtare e Hetimit dhe Drejtoria e P\u00ebrgjithshme e Policis\u00eb s\u00eb Shtetit (n\u00eb dat\u00ebn 17.11.2023).<\/p>\n<p>Hetimet vazhdojn\u00eb n\u00eb drejtim t\u00eb evidentimit t\u00eb p\u00ebrgjegj\u00ebsis\u00eb penale t\u00eb personave t\u00eb tjer\u00eb t\u00eb cil\u00ebt gjat\u00eb k\u00ebsaj procedure kan\u00eb kryer veprime n\u00eb kund\u00ebrshtim me ligjin dhe p\u00ebrmbushjen e rregullt t\u00eb detyr\u00ebs.<\/p>\n","protected":false},"excerpt":{"rendered":"<p>SPAK ka caktuar mas\u00eb sigurie &#8220;detyrim paraqitje&#8221; dhe &#8220;ndalim p\u00ebr t\u00eb dal\u00eb jasht\u00eb vendit&#8221; ish-ministrit t\u00eb Sh\u00ebndet\u00ebsis\u00eb Ilir Beqja. Ish-ministri akuzohet p\u00ebr shp\u00ebrdorim detyre kryer n\u00eb bashk\u00ebpunim, lidhur me koncesionin e sterilizimit. \u201cCaktimin ndaj personit n\u00ebn hetim I.B. me detyr\u00eb ish-Minist\u00ebr i Sh\u00ebndet\u00ebsis\u00eb, t\u00eb mas\u00ebs s\u00eb sigurimit \u201cDetyrim p\u00ebr paraqitje n\u00eb Policis\u00eb gjyq\u00ebsore\u201d dhe \u201cNdalim [&hellip;]<\/p>\n","protected":false},"author":5,"featured_media":67893,"comment_status":"closed","ping_status":"closed","sticky":false,"template":"","format":"standard","meta":{"footnotes":""},"categories":[1,6326,6332],"tags":[27720],"class_list":{"0":"post-67892","1":"post","2":"type-post","3":"status-publish","4":"format-standard","5":"has-post-thumbnail","7":"category-aktualitet","8":"category-politike","9":"category-te-fundit","10":"tag-spak-merr-te-pandehur-ilir-beqajn"},"_links":{"self":[{"href":"https:\/\/jugulajm.net\/index.php?rest_route=\/wp\/v2\/posts\/67892","targetHints":{"allow":["GET"]}}],"collection":[{"href":"https:\/\/jugulajm.net\/index.php?rest_route=\/wp\/v2\/posts"}],"about":[{"href":"https:\/\/jugulajm.net\/index.php?rest_route=\/wp\/v2\/types\/post"}],"author":[{"embeddable":true,"href":"https:\/\/jugulajm.net\/index.php?rest_route=\/wp\/v2\/users\/5"}],"replies":[{"embeddable":true,"href":"https:\/\/jugulajm.net\/index.php?rest_route=%2Fwp%2Fv2%2Fcomments&post=67892"}],"version-history":[{"count":0,"href":"https:\/\/jugulajm.net\/index.php?rest_route=\/wp\/v2\/posts\/67892\/revisions"}],"wp:featuredmedia":[{"embeddable":true,"href":"https:\/\/jugulajm.net\/index.php?rest_route=\/wp\/v2\/media\/67893"}],"wp:attachment":[{"href":"https:\/\/jugulajm.net\/index.php?rest_route=%2Fwp%2Fv2%2Fmedia&parent=67892"}],"wp:term":[{"taxonomy":"category","embeddable":true,"href":"https:\/\/jugulajm.net\/index.php?rest_route=%2Fwp%2Fv2%2Fcategories&post=67892"},{"taxonomy":"post_tag","embeddable":true,"href":"https:\/\/jugulajm.net\/index.php?rest_route=%2Fwp%2Fv2%2Ftags&post=67892"}],"curies":[{"name":"wp","href":"https:\/\/api.w.org\/{rel}","templated":true}]}}