{"id":67858,"date":"2023-11-17T16:17:14","date_gmt":"2023-11-17T15:17:14","guid":{"rendered":"https:\/\/jugulajm.net\/?p=67858"},"modified":"2023-11-17T16:17:14","modified_gmt":"2023-11-17T15:17:14","slug":"emrat-foto-itali-histori-si-ne-filma-cifti-shqiptar-arratiset-nga-burgu","status":"publish","type":"post","link":"https:\/\/jugulajm.net\/?p=67858","title":{"rendered":"EMRAT-FOTO\/ Itali, histori si n\u00eb filma, \u00e7ifti shqiptar arratiset nga burgu"},"content":{"rendered":"<p>Dy t\u00eb burgosur shqiptar\u00eb, \u00e7ift nuk u kthyen n\u00eb burg n\u00eb Pesaro pas nj\u00eb dite pune t\u00eb kaluar n\u00eb nj\u00eb kompani bujq\u00ebsore n\u00eb San Bartolo.<\/p>\n<p>Dy t\u00eb burgosurit, t\u00eb cil\u00ebt jetojn\u00eb n\u00eb zon\u00ebn e Raven\u00ebs, kishin fituar mund\u00ebsin\u00eb p\u00ebr t\u00eb punuar jasht\u00eb burgut pik\u00ebrisht p\u00ebr shkak t\u00eb sjelljes s\u00eb tyre t\u00eb mir\u00eb, sipas\u00a0<a href=\"https:\/\/www.ilrestodelcarlino.it\/pesaro\/cronaca\/caccia-aperta-detenuti-fuga-6218aa50\"><em><strong>mediave italiane.<\/strong><\/em><\/a><\/p>\n<p>Ata jan\u00eb Emilian Bici 43 vje\u00e7, i burgosur p\u00ebr vrasje t\u00eb mbetur n\u00eb tentativ\u00eb dhe Ermelinda Spahiu 38 vje\u00e7e, e cila mori pjes\u00eb n\u00eb t\u00eb nj\u00ebjtin episod.<\/p>\n<p>Ata u arratis\u00ebn duke p\u00ebrfituar nga puna e jashtme q\u00eb i lejoi ata t\u00eb largoheshin nga burgu n\u00eb or\u00ebn 7 t\u00eb m\u00ebngjesit dhe m\u00eb pas t\u00eb ktheheshin 8 or\u00eb m\u00eb von\u00eb.<\/p>\n<p>Gjith\u00e7ka shkoi mir\u00eb p\u00ebr disa muaj, deri dje kur nuk u kthyen n\u00eb burg sipas vendimit t\u00eb gjyqtarit, t\u00eb cilin duhej ta zbatonin.<\/p>\n<p>Pasi u ngrit alarmi, punonj\u00ebsit e vuajtjes s\u00eb d\u00ebnimit e shtrin\u00eb k\u00ebrkimin n\u00eb t\u00eb gjith\u00eb Italin\u00eb.<\/p>\n","protected":false},"excerpt":{"rendered":"<p>Dy t\u00eb burgosur shqiptar\u00eb, \u00e7ift nuk u kthyen n\u00eb burg n\u00eb Pesaro pas nj\u00eb dite pune t\u00eb kaluar n\u00eb nj\u00eb kompani bujq\u00ebsore n\u00eb San Bartolo. Dy t\u00eb burgosurit, t\u00eb cil\u00ebt jetojn\u00eb n\u00eb zon\u00ebn e Raven\u00ebs, kishin fituar mund\u00ebsin\u00eb p\u00ebr t\u00eb punuar jasht\u00eb burgut pik\u00ebrisht p\u00ebr shkak t\u00eb sjelljes s\u00eb tyre t\u00eb mir\u00eb, sipas\u00a0mediave italiane. Ata [&hellip;]<\/p>\n","protected":false},"author":5,"featured_media":67859,"comment_status":"closed","ping_status":"closed","sticky":false,"template":"","format":"standard","meta":{"footnotes":""},"categories":[1,6332],"tags":[27703,27701,27702],"class_list":{"0":"post-67858","1":"post","2":"type-post","3":"status-publish","4":"format-standard","5":"has-post-thumbnail","7":"category-aktualitet","8":"category-te-fundit","9":"tag-cifti-shqiptar-arratiset-nga-burgu","10":"tag-emrat-foto-itali","11":"tag-histori-si-ne-filma"},"_links":{"self":[{"href":"https:\/\/jugulajm.net\/index.php?rest_route=\/wp\/v2\/posts\/67858","targetHints":{"allow":["GET"]}}],"collection":[{"href":"https:\/\/jugulajm.net\/index.php?rest_route=\/wp\/v2\/posts"}],"about":[{"href":"https:\/\/jugulajm.net\/index.php?rest_route=\/wp\/v2\/types\/post"}],"author":[{"embeddable":true,"href":"https:\/\/jugulajm.net\/index.php?rest_route=\/wp\/v2\/users\/5"}],"replies":[{"embeddable":true,"href":"https:\/\/jugulajm.net\/index.php?rest_route=%2Fwp%2Fv2%2Fcomments&post=67858"}],"version-history":[{"count":0,"href":"https:\/\/jugulajm.net\/index.php?rest_route=\/wp\/v2\/posts\/67858\/revisions"}],"wp:featuredmedia":[{"embeddable":true,"href":"https:\/\/jugulajm.net\/index.php?rest_route=\/wp\/v2\/media\/67859"}],"wp:attachment":[{"href":"https:\/\/jugulajm.net\/index.php?rest_route=%2Fwp%2Fv2%2Fmedia&parent=67858"}],"wp:term":[{"taxonomy":"category","embeddable":true,"href":"https:\/\/jugulajm.net\/index.php?rest_route=%2Fwp%2Fv2%2Fcategories&post=67858"},{"taxonomy":"post_tag","embeddable":true,"href":"https:\/\/jugulajm.net\/index.php?rest_route=%2Fwp%2Fv2%2Ftags&post=67858"}],"curies":[{"name":"wp","href":"https:\/\/api.w.org\/{rel}","templated":true}]}}