{"id":67763,"date":"2023-11-15T13:37:22","date_gmt":"2023-11-15T12:37:22","guid":{"rendered":"https:\/\/jugulajm.net\/?p=67763"},"modified":"2023-11-15T13:37:22","modified_gmt":"2023-11-15T12:37:22","slug":"procedohet-edukatorja-dyshohet-se-dhunoi-5-vjecarin-me-autizem","status":"publish","type":"post","link":"https:\/\/jugulajm.net\/?p=67763","title":{"rendered":"Procedohet edukatorja, dyshohet se dhunoi 5-vje\u00e7arin me autiz\u00ebm"},"content":{"rendered":"<p>Nj\u00eb edukatore n\u00eb nj\u00eb kopsht publik n\u00eb Elbasan \u00ebsht\u00eb v\u00ebn\u00eb n\u00ebn hetim nga policia, pasi dyshohet se ka dhunuar nj\u00eb f\u00ebmij\u00eb me autiz\u00ebm.<\/p>\n<p>Policia sqaroi se edukatorja 57-vje\u00e7are me iniciale O.B., dyshohet se ka keqtrajtuar 5-vje\u00e7arin.<\/p>\n<p>\u201cSpecialist\u00ebt p\u00ebr Hetimin e Krimeve t\u00eb Komisariatit t\u00eb Policis\u00eb Elbasan referuan materialet n\u00eb Prokurori ku nisi procedimi n\u00eb gjendje t\u00eb lir\u00eb p\u00ebr shtetasen O. B., 57 vje\u00e7e, banuese n\u00eb Elbasan, me profesion edukatore n\u00eb nj\u00eb kopsht publik, pasi dyshohet se ka keqtrajtuar nj\u00eb 5-vje\u00e7ar q\u00eb vuan nga Autizmi. Sh\u00ebrbimet e Policis\u00eb po kryejn\u00eb t\u00eb gjitha veprimet e nevojshme procedurale dhe hetimore p\u00ebr t\u00eb zbardhur rrethanat e rastit\u201d, sqaroi policia.<\/p>\n<p>Burime b\u00ebjn\u00eb me dije, se rasti n\u00eb fjal\u00eb po verifikohet nga autoritetet, kjo pasi aktualisht nuk ka asnj\u00eb kall\u00ebzim n\u00eb polici ng\u00eb ana e familjar\u00ebve.<\/p>\n<p>Reagimi i bluve ka ardhur mbi baz\u00eb t\u00eb disa d\u00ebgjesash se n\u00eb kop\u00ebshtin shtet\u00ebror ka ndodhur kjo situat\u00eb.<\/p>\n<p>Nd\u00ebrkoh\u00eb \u00ebsht\u00eb b\u00ebr\u00eb k\u00ebrkes\u00eb p\u00ebr kqyerjen e kamerave t\u00eb siguris\u00eb. Deri tani s\u2019ka asgj\u00eb t\u00eb faktuar mbi dhun\u00ebn.<\/p>\n","protected":false},"excerpt":{"rendered":"<p>Nj\u00eb edukatore n\u00eb nj\u00eb kopsht publik n\u00eb Elbasan \u00ebsht\u00eb v\u00ebn\u00eb n\u00ebn hetim nga policia, pasi dyshohet se ka dhunuar nj\u00eb f\u00ebmij\u00eb me autiz\u00ebm. Policia sqaroi se edukatorja 57-vje\u00e7are me iniciale O.B., dyshohet se ka keqtrajtuar 5-vje\u00e7arin. \u201cSpecialist\u00ebt p\u00ebr Hetimin e Krimeve t\u00eb Komisariatit t\u00eb Policis\u00eb Elbasan referuan materialet n\u00eb Prokurori ku nisi procedimi n\u00eb gjendje [&hellip;]<\/p>\n","protected":false},"author":5,"featured_media":63723,"comment_status":"closed","ping_status":"closed","sticky":false,"template":"","format":"standard","meta":{"footnotes":""},"categories":[1,7520,6332],"tags":[27650,27649],"class_list":{"0":"post-67763","1":"post","2":"type-post","3":"status-publish","4":"format-standard","5":"has-post-thumbnail","7":"category-aktualitet","8":"category-arsim","9":"category-te-fundit","10":"tag-dyshohet-se-dhunoi-5-vjecarin-me-autizem","11":"tag-procedohet-edukatorja"},"_links":{"self":[{"href":"https:\/\/jugulajm.net\/index.php?rest_route=\/wp\/v2\/posts\/67763","targetHints":{"allow":["GET"]}}],"collection":[{"href":"https:\/\/jugulajm.net\/index.php?rest_route=\/wp\/v2\/posts"}],"about":[{"href":"https:\/\/jugulajm.net\/index.php?rest_route=\/wp\/v2\/types\/post"}],"author":[{"embeddable":true,"href":"https:\/\/jugulajm.net\/index.php?rest_route=\/wp\/v2\/users\/5"}],"replies":[{"embeddable":true,"href":"https:\/\/jugulajm.net\/index.php?rest_route=%2Fwp%2Fv2%2Fcomments&post=67763"}],"version-history":[{"count":0,"href":"https:\/\/jugulajm.net\/index.php?rest_route=\/wp\/v2\/posts\/67763\/revisions"}],"wp:featuredmedia":[{"embeddable":true,"href":"https:\/\/jugulajm.net\/index.php?rest_route=\/wp\/v2\/media\/63723"}],"wp:attachment":[{"href":"https:\/\/jugulajm.net\/index.php?rest_route=%2Fwp%2Fv2%2Fmedia&parent=67763"}],"wp:term":[{"taxonomy":"category","embeddable":true,"href":"https:\/\/jugulajm.net\/index.php?rest_route=%2Fwp%2Fv2%2Fcategories&post=67763"},{"taxonomy":"post_tag","embeddable":true,"href":"https:\/\/jugulajm.net\/index.php?rest_route=%2Fwp%2Fv2%2Ftags&post=67763"}],"curies":[{"name":"wp","href":"https:\/\/api.w.org\/{rel}","templated":true}]}}