{"id":67736,"date":"2023-11-14T20:13:10","date_gmt":"2023-11-14T19:13:10","guid":{"rendered":"https:\/\/jugulajm.net\/?p=67736"},"modified":"2023-11-14T20:14:54","modified_gmt":"2023-11-14T19:14:54","slug":"rama-me-kane-quajtur-pedofil-homoseksual-vrases-e-perdhunues-i-grave-dhe","status":"publish","type":"post","link":"https:\/\/jugulajm.net\/?p=67736","title":{"rendered":"Rama: M\u00eb kan\u00eb quajtur pedofil, homoseksual, p\u00ebrdhunues dhe&#8230;"},"content":{"rendered":"<p>Kryeministri Edi Rama, nga Forumi i Medias p\u00ebr Evrop\u00ebn Juglindore, p\u00ebrmendi disa nga epitetet q\u00eb i jan\u00eb v\u00ebn\u00eb nga mediat si <em>\u201cpedofil, homoseksual, q\u00eb nuk jam kund\u00ebr, kriminel, hajdut, vras\u00ebs, abuzues seksual, p\u00ebrdhunues i grave\u201d.<\/em><\/p>\n<p>Lidhur me k\u00ebto epitet ai tha se i \u00ebsht\u00eb b\u00ebr\u00eb l\u00ebkura si bunker. Madje ai me shaka tha \u201cKur fillova k\u00ebt\u00eb pun\u00eb t\u00eb gjitha flok\u00ebt e mia ishin t\u00eb zinj, tani nuk gjej m\u00eb asnj\u00eb fije floku te zez\u00eb, e ka gjithnj\u00eb e m\u00eb pak\u201d.<\/p>\n<p><em>Pse duhet t\u00eb jet\u00eb kjo nj\u00eb bot\u00eb e barabart\u00eb gazetari q\u00eb do t\u00eb thot\u00eb hidh aty \u00e7far\u00eb t\u00eb duash e pastaj vet\u00eb-rregullohu, po njer\u00ebzit q\u00eb d\u00ebmtohen nga kjo gj\u00eb?<\/em><\/p>\n<p><em>Jo un\u00eb, un\u00eb s\u2019dua t\u2019ia di, sepse m\u00eb \u00ebsht\u00eb b\u00ebr\u00eb l\u00ebkura si betoni i nj\u00eb bunkeri anti-b\u00ebrthamor.<\/em><\/p>\n<p><em>Pedofil\u00ebt, homoseksual, kriminel, vras\u00ebs, abuzues seksual, p\u00ebrdhunues i grave, t\u00eb gjitha k\u00ebto m\u00eb jan\u00eb th\u00ebn\u00eb, ja po pres vet\u00eb rregullimin.<\/em><\/p>\n<p><em>Kur nisa ta b\u00ebj k\u00ebt\u00eb, flok\u00ebt e mi ishin t\u00eb zinj, tani nuk gjej m\u00eb asnj\u00eb fije floku t\u00eb zez\u00eb, dh\u00ebmb\u00ebt q\u00eb kam nuk jan\u00eb ato q\u00eb kishte n\u00eb plan ime m\u00eb p\u00ebr mua, q\u00eb ishte dentiste.<\/em><\/p>\n<p><em>Vet\u00eb-rregullim, presim patjet\u00ebr dhe pastaj shteti duhet t\u00eb paguaj\u00eb.\u201d,<\/em> u shpreh kryeministri Rama.<\/p>\n","protected":false},"excerpt":{"rendered":"<p>Kryeministri Edi Rama, nga Forumi i Medias p\u00ebr Evrop\u00ebn Juglindore, p\u00ebrmendi disa nga epitetet q\u00eb i jan\u00eb v\u00ebn\u00eb nga mediat si \u201cpedofil, homoseksual, q\u00eb nuk jam kund\u00ebr, kriminel, hajdut, vras\u00ebs, abuzues seksual, p\u00ebrdhunues i grave\u201d. Lidhur me k\u00ebto epitet ai tha se i \u00ebsht\u00eb b\u00ebr\u00eb l\u00ebkura si bunker. Madje ai me shaka tha \u201cKur fillova [&hellip;]<\/p>\n","protected":false},"author":5,"featured_media":52528,"comment_status":"closed","ping_status":"closed","sticky":false,"template":"","format":"standard","meta":{"footnotes":""},"categories":[6326,6332],"tags":[27635,27637,27634],"class_list":{"0":"post-67736","1":"post","2":"type-post","3":"status-publish","4":"format-standard","5":"has-post-thumbnail","7":"category-politike","8":"category-te-fundit","9":"tag-homoseksual","10":"tag-perdhunues-dhe","11":"tag-rama-me-kane-quajtur-pedofil"},"_links":{"self":[{"href":"https:\/\/jugulajm.net\/index.php?rest_route=\/wp\/v2\/posts\/67736","targetHints":{"allow":["GET"]}}],"collection":[{"href":"https:\/\/jugulajm.net\/index.php?rest_route=\/wp\/v2\/posts"}],"about":[{"href":"https:\/\/jugulajm.net\/index.php?rest_route=\/wp\/v2\/types\/post"}],"author":[{"embeddable":true,"href":"https:\/\/jugulajm.net\/index.php?rest_route=\/wp\/v2\/users\/5"}],"replies":[{"embeddable":true,"href":"https:\/\/jugulajm.net\/index.php?rest_route=%2Fwp%2Fv2%2Fcomments&post=67736"}],"version-history":[{"count":0,"href":"https:\/\/jugulajm.net\/index.php?rest_route=\/wp\/v2\/posts\/67736\/revisions"}],"wp:featuredmedia":[{"embeddable":true,"href":"https:\/\/jugulajm.net\/index.php?rest_route=\/wp\/v2\/media\/52528"}],"wp:attachment":[{"href":"https:\/\/jugulajm.net\/index.php?rest_route=%2Fwp%2Fv2%2Fmedia&parent=67736"}],"wp:term":[{"taxonomy":"category","embeddable":true,"href":"https:\/\/jugulajm.net\/index.php?rest_route=%2Fwp%2Fv2%2Fcategories&post=67736"},{"taxonomy":"post_tag","embeddable":true,"href":"https:\/\/jugulajm.net\/index.php?rest_route=%2Fwp%2Fv2%2Ftags&post=67736"}],"curies":[{"name":"wp","href":"https:\/\/api.w.org\/{rel}","templated":true}]}}