{"id":67709,"date":"2023-11-14T10:13:11","date_gmt":"2023-11-14T09:13:11","guid":{"rendered":"https:\/\/jugulajm.net\/?p=67709"},"modified":"2023-11-14T10:15:25","modified_gmt":"2023-11-14T09:15:25","slug":"lajm-i-fundit-ngacmoi-14-vjecaren-shoferi-i-furgonit-merr-masen-e-arrestit-nga-gjykata-e-gjirokastres","status":"publish","type":"post","link":"https:\/\/jugulajm.net\/?p=67709","title":{"rendered":"LAJM I FUNDIT\/ Ngacmoi 14-vje\u00e7aren, shoferi i furgonit merr mas\u00ebn e arrestit nga Gjykata e Gjirokastr\u00ebs"},"content":{"rendered":"<p>Gjykata e Faktit Gjirokaster ka lene ne burg pa afat Nikolin J. nga fshati Katundisht Bashkia Kelcyre, pasi dyshohet se ka ngacmuar seksualisht K. C. 14 vje\u00e7e, banore e te njejtit fshat.<\/p>\n<p>Seanca e mases se arrestit ka nisur nga prokurori Bledar Bala, me shpalosjen e rrethanave te deshmise qe ka dhene para oficereve ge Policise Gjyqesore, nxenesja 14 vje\u00e7are e shkolles 9-vje\u00e7are &#8220;Kamber B\u00ebnja&#8221; ne Kelcyre.<\/p>\n<p>Me pas avokatja e shoferit te furgonit te nxenesve qe akuzohet per ngacmim seksual, ka folur ne vend te klientit te saj ku ka kerkuar prej gjykateses, Suela Dashi, lirimin ne sallen e gjyqit te klientit te vet, pasi prokurori i \u00e7eshtjes nuk paraqiti asnje prove te vetme qe te beje me faj klientin e saj \u00e7ka ne mungese te tyre, askush nuk mund te futet ne burg.<\/p>\n<p>Nga ana e vet shoferi i furgonit te nxenesve nuk ka folur asnje fjale.<\/p>\n<p>Sakaq gjykatesja Suela Dashi, ka mbeshtetur versionin e prokurorit Bala, qe Nikolin J. t&#8217;i jepet masa e arrestit BURG PA AFAT.<\/p>\n<p>Ky vendim per palen mbrojtese eshte i papranueshem dhe i pabazuar ne prova materiale dhe shkresore \u00e7ka do apelohet.<\/p>\n<p>Te premten e kaluar nxenesja 14 vje\u00e7are denoncoi rastin ne fjale ne Polocine e Permetit.<\/p>\n","protected":false},"excerpt":{"rendered":"<p>Gjykata e Faktit Gjirokaster ka lene ne burg pa afat Nikolin J. nga fshati Katundisht Bashkia Kelcyre, pasi dyshohet se ka ngacmuar seksualisht K. C. 14 vje\u00e7e, banore e te njejtit fshat. Seanca e mases se arrestit ka nisur nga prokurori Bledar Bala, me shpalosjen e rrethanave te deshmise qe ka dhene para oficereve ge [&hellip;]<\/p>\n","protected":false},"author":5,"featured_media":47935,"comment_status":"closed","ping_status":"closed","sticky":false,"template":"","format":"standard","meta":{"footnotes":""},"categories":[1,6332],"tags":[27613,27614],"class_list":{"0":"post-67709","1":"post","2":"type-post","3":"status-publish","4":"format-standard","5":"has-post-thumbnail","7":"category-aktualitet","8":"category-te-fundit","9":"tag-lajm-i-fundit-ngacmoi-14-vjecaren","10":"tag-shoferi-i-furgonit-merr-masen-e-arrestit-nga-gjykata-e-gjirokastres"},"_links":{"self":[{"href":"https:\/\/jugulajm.net\/index.php?rest_route=\/wp\/v2\/posts\/67709","targetHints":{"allow":["GET"]}}],"collection":[{"href":"https:\/\/jugulajm.net\/index.php?rest_route=\/wp\/v2\/posts"}],"about":[{"href":"https:\/\/jugulajm.net\/index.php?rest_route=\/wp\/v2\/types\/post"}],"author":[{"embeddable":true,"href":"https:\/\/jugulajm.net\/index.php?rest_route=\/wp\/v2\/users\/5"}],"replies":[{"embeddable":true,"href":"https:\/\/jugulajm.net\/index.php?rest_route=%2Fwp%2Fv2%2Fcomments&post=67709"}],"version-history":[{"count":0,"href":"https:\/\/jugulajm.net\/index.php?rest_route=\/wp\/v2\/posts\/67709\/revisions"}],"wp:featuredmedia":[{"embeddable":true,"href":"https:\/\/jugulajm.net\/index.php?rest_route=\/wp\/v2\/media\/47935"}],"wp:attachment":[{"href":"https:\/\/jugulajm.net\/index.php?rest_route=%2Fwp%2Fv2%2Fmedia&parent=67709"}],"wp:term":[{"taxonomy":"category","embeddable":true,"href":"https:\/\/jugulajm.net\/index.php?rest_route=%2Fwp%2Fv2%2Fcategories&post=67709"},{"taxonomy":"post_tag","embeddable":true,"href":"https:\/\/jugulajm.net\/index.php?rest_route=%2Fwp%2Fv2%2Ftags&post=67709"}],"curies":[{"name":"wp","href":"https:\/\/api.w.org\/{rel}","templated":true}]}}