{"id":67698,"date":"2023-11-13T22:20:49","date_gmt":"2023-11-13T21:20:49","guid":{"rendered":"https:\/\/jugulajm.net\/?p=67698"},"modified":"2023-11-13T22:22:28","modified_gmt":"2023-11-13T21:22:28","slug":"zyrtarja-e-parlamentit-evropian-ja-sa-vite-i-duhen-shqiperise-qe-te-futet-ne-be","status":"publish","type":"post","link":"https:\/\/jugulajm.net\/?p=67698","title":{"rendered":"Zyrtarja e Parlamentit Evropian: Ja sa vite i duhen Shqip\u00ebris\u00eb, q\u00eb t\u00eb futet n\u00eb BE"},"content":{"rendered":"<p>Federica Woelk, asistente e Parlamentit Evropian ka publikuar nj\u00eb hart\u00eb me vitet q\u00eb mund t\u2019i duhen Shqip\u00ebris\u00eb dhe pes\u00eb vendeve t\u00eb tjera t\u00eb rajonit t\u00eb Ballkanit Per\u00ebndimor, p\u00ebr t\u2019u an\u00ebtar\u00ebsuar n\u00eb Bashkimin Evropian.<\/p>\n<p>Sipas progresionit t\u00eb publikuar nga zyrtarja evropiane, Shqip\u00ebria do t\u00eb an\u00ebtar\u00ebsohet pas 48 vitesh n\u00eb Bashkimin Evropian, m\u00eb von\u00eb se t\u00eb gjitha shtetet e tjera, p\u00ebrve\u00e7 Kosov\u00ebs dhe Bosnj\u00ebs.<\/p>\n<p>Mali i Zi parashikohet t\u00eb b\u00ebhet an\u00ebtar\u00eb me t\u00eb drejta t\u00eb plota i unionit pas 38 vitesh, Maqedonia e Veriut pas 40 vitesh dhe Serbia po p\u00ebr t\u00eb nj\u00ebjt\u00ebn periudh\u00eb, pra 40 vite.<\/p>\n<p>Vendi i kat\u00ebrt \u00ebsht\u00eb Shqip\u00ebria me 48 vite dhe m\u00eb pas Kosova dhe Bosnja, respektivisht 62 dhe 68 vite.<\/p>\n<p><em>\u201cN\u00ebse do t\u00eb isha nj\u00eb nga ato vende, nuk do t\u00eb kisha besim se di\u00e7ka do t\u00eb ndryshoj\u00eb ndonj\u00ebher\u00eb. Dhe Serbis\u00eb i duhen m\u00eb shum\u00eb se 40 vjet. Zgjerim\u201d,<\/em>\u00a0shkruan Federica Woelk, asistentja e Parlamentit Evropian n\u00eb llogarin\u00eb e saj n\u00eb X, ish-Twitter.<\/p>\n<div class=\"twitter-tweet twitter-tweet-rendered\"><iframe id=\"twitter-widget-0\" class=\"\" title=\"Twitter Tweet\" src=\"https:\/\/platform.twitter.com\/embed\/Tweet.html?creatorScreenName=NewsbombAl&amp;dnt=false&amp;embedId=twitter-widget-0&amp;features=eyJ0ZndfdGltZWxpbmVfbGlzdCI6eyJidWNrZXQiOltdLCJ2ZXJzaW9uIjpudWxsfSwidGZ3X2ZvbGxvd2VyX2NvdW50X3N1bnNldCI6eyJidWNrZXQiOnRydWUsInZlcnNpb24iOm51bGx9LCJ0ZndfdHdlZXRfZWRpdF9iYWNrZW5kIjp7ImJ1Y2tldCI6Im9uIiwidmVyc2lvbiI6bnVsbH0sInRmd19yZWZzcmNfc2Vzc2lvbiI6eyJidWNrZXQiOiJvbiIsInZlcnNpb24iOm51bGx9LCJ0ZndfZm9zbnJfc29mdF9pbnRlcnZlbnRpb25zX2VuYWJsZWQiOnsiYnVja2V0Ijoib24iLCJ2ZXJzaW9uIjpudWxsfSwidGZ3X21peGVkX21lZGlhXzE1ODk3Ijp7ImJ1Y2tldCI6InRyZWF0bWVudCIsInZlcnNpb24iOm51bGx9LCJ0ZndfZXhwZXJpbWVudHNfY29va2llX2V4cGlyYXRpb24iOnsiYnVja2V0IjoxMjA5NjAwLCJ2ZXJzaW9uIjpudWxsfSwidGZ3X3Nob3dfYmlyZHdhdGNoX3Bpdm90c19lbmFibGVkIjp7ImJ1Y2tldCI6Im9uIiwidmVyc2lvbiI6bnVsbH0sInRmd19kdXBsaWNhdGVfc2NyaWJlc190b19zZXR0aW5ncyI6eyJidWNrZXQiOiJvbiIsInZlcnNpb24iOm51bGx9LCJ0ZndfdXNlX3Byb2ZpbGVfaW1hZ2Vfc2hhcGVfZW5hYmxlZCI6eyJidWNrZXQiOiJvbiIsInZlcnNpb24iOm51bGx9LCJ0ZndfdmlkZW9faGxzX2R5bmFtaWNfbWFuaWZlc3RzXzE1MDgyIjp7ImJ1Y2tldCI6InRydWVfYml0cmF0ZSIsInZlcnNpb24iOm51bGx9LCJ0ZndfbGVnYWN5X3RpbWVsaW5lX3N1bnNldCI6eyJidWNrZXQiOnRydWUsInZlcnNpb24iOm51bGx9LCJ0ZndfdHdlZXRfZWRpdF9mcm9udGVuZCI6eyJidWNrZXQiOiJvbiIsInZlcnNpb24iOm51bGx9fQ%3D%3D&amp;frame=false&amp;hideCard=false&amp;hideThread=false&amp;id=1723992171777331491&amp;lang=en&amp;origin=https%3A%2F%2Fnewsbomb.net%2Fzyrtarja-e-parlamentit-evropian-shqiperise-i-duhen-48-vjet-te-futet-ne-be%2F&amp;sessionId=cd21554ac760ec316af6110d0cac3132fe60d597&amp;siteScreenName=NewsbombAl&amp;theme=light&amp;widgetsVersion=01917f4d1d4cb%3A1696883169554&amp;width=550px\" frameborder=\"0\" scrolling=\"no\" allowfullscreen=\"allowfullscreen\" data-tweet-id=\"1723992171777331491\" data-mce-fragment=\"1\"><\/iframe><\/div>\n<p>Pavar\u00ebsisht se Shqip\u00ebria \u00ebsht\u00eb cil\u00ebsuar shpesh si lider mes vendeve t\u00eb rajonit t\u00eb Ballkanit Per\u00ebndimor, ky progresion \u00ebsht\u00eb mjaft pesimist sepse vjen nj\u00eb muaj pas Samitit t\u00eb Procesit t\u00eb Berlinit q\u00eb u mbajt n\u00eb Tiran\u00eb dhe ku u deklarua se vendi yn\u00eb do t\u00eb jet\u00eb pjes\u00eb e unionit deri n\u00eb 2030.<\/p>\n<p>Nga ana tjet\u00ebr, edhe ky raport nuk mund t\u00eb konsiderohet i besuesh\u00ebm, pasi nuk p\u00ebrmban asnj\u00eb element q\u00eb t\u00eb tregoj\u00eb se ai \u00ebsht\u00eb progresion zyrtar i Bashkimit Evropian.<\/p>\n","protected":false},"excerpt":{"rendered":"<p>Federica Woelk, asistente e Parlamentit Evropian ka publikuar nj\u00eb hart\u00eb me vitet q\u00eb mund t\u2019i duhen Shqip\u00ebris\u00eb dhe pes\u00eb vendeve t\u00eb tjera t\u00eb rajonit t\u00eb Ballkanit Per\u00ebndimor, p\u00ebr t\u2019u an\u00ebtar\u00ebsuar n\u00eb Bashkimin Evropian. Sipas progresionit t\u00eb publikuar nga zyrtarja evropiane, Shqip\u00ebria do t\u00eb an\u00ebtar\u00ebsohet pas 48 vitesh n\u00eb Bashkimin Evropian, m\u00eb von\u00eb se t\u00eb gjitha [&hellip;]<\/p>\n","protected":false},"author":5,"featured_media":67699,"comment_status":"closed","ping_status":"closed","sticky":false,"template":"","format":"standard","meta":{"footnotes":""},"categories":[7664,6326,6332],"tags":[27611,27610],"class_list":{"0":"post-67698","1":"post","2":"type-post","3":"status-publish","4":"format-standard","5":"has-post-thumbnail","7":"category-bota","8":"category-politike","9":"category-te-fundit","10":"tag-qe-te-futet-ne-be","11":"tag-zyrtarja-e-parlamentit-evropian-ja-sa-vite-i-duhen-shqiperise"},"_links":{"self":[{"href":"https:\/\/jugulajm.net\/index.php?rest_route=\/wp\/v2\/posts\/67698","targetHints":{"allow":["GET"]}}],"collection":[{"href":"https:\/\/jugulajm.net\/index.php?rest_route=\/wp\/v2\/posts"}],"about":[{"href":"https:\/\/jugulajm.net\/index.php?rest_route=\/wp\/v2\/types\/post"}],"author":[{"embeddable":true,"href":"https:\/\/jugulajm.net\/index.php?rest_route=\/wp\/v2\/users\/5"}],"replies":[{"embeddable":true,"href":"https:\/\/jugulajm.net\/index.php?rest_route=%2Fwp%2Fv2%2Fcomments&post=67698"}],"version-history":[{"count":0,"href":"https:\/\/jugulajm.net\/index.php?rest_route=\/wp\/v2\/posts\/67698\/revisions"}],"wp:featuredmedia":[{"embeddable":true,"href":"https:\/\/jugulajm.net\/index.php?rest_route=\/wp\/v2\/media\/67699"}],"wp:attachment":[{"href":"https:\/\/jugulajm.net\/index.php?rest_route=%2Fwp%2Fv2%2Fmedia&parent=67698"}],"wp:term":[{"taxonomy":"category","embeddable":true,"href":"https:\/\/jugulajm.net\/index.php?rest_route=%2Fwp%2Fv2%2Fcategories&post=67698"},{"taxonomy":"post_tag","embeddable":true,"href":"https:\/\/jugulajm.net\/index.php?rest_route=%2Fwp%2Fv2%2Ftags&post=67698"}],"curies":[{"name":"wp","href":"https:\/\/api.w.org\/{rel}","templated":true}]}}