{"id":67691,"date":"2023-11-13T18:38:09","date_gmt":"2023-11-13T17:38:09","guid":{"rendered":"https:\/\/jugulajm.net\/?p=67691"},"modified":"2023-11-13T18:38:09","modified_gmt":"2023-11-13T17:38:09","slug":"emrat-arrestohen-2-vellezer-u-kapen-me-droge-ne-shtepi","status":"publish","type":"post","link":"https:\/\/jugulajm.net\/?p=67691","title":{"rendered":"EMRAT\/ Arrestohen 2 v\u00ebllez\u00ebr, u kap\u00ebn me drog\u00eb n\u00eb sht\u00ebpi"},"content":{"rendered":"<p>Policia e shtetit ka arrestuar dy v\u00ebllez\u00ebr n\u00eb fshatin n\u00eb Bul\u00e7esh n\u00eb Tiran\u00eb. Ata jan\u00eb Saimir Aruci dhe Oltjan Aruci b\u00ebnues n\u00eb Bul\u00e7esh.<\/p>\n<p>Si rezultat i kontrolleve policore n\u00eb baz\u00eb t\u00eb informacioneve t\u00eb sigurura, n\u00eb banes\u00ebn e tyre u gjet l\u00ebnd\u00eb narkotike. Gjat\u00eb operacionit u sekuestruan 7.9 kilogram\u00eb l\u00ebnd\u00eb narkotike kanabis sativa q\u00eb i p\u00ebrkiste 2 v\u00ebllez\u00ebrve.<\/p>\n<p>Ata u arrestuan n\u00eb flagranc\u00eb dhe akuzohen p\u00ebr vepr\u00ebn penale \u201cProdhimi dhe shitja e narkotik\u00ebve\u201d.<\/p>\n<p><strong>Njoftimi i Policis\u00eb:<\/strong><\/p>\n<p><em>Tiran\u00eb\/Finalizohet operacioni policor i koduar \u201cBul\u00e7esh\u201d, p\u00ebr goditjen e veprimtarive kriminale n\u00eb fush\u00ebn e narkotik\u00ebve.<\/em><\/p>\n<p><em>Sekuestrohen 7.9 kilogram\u00eb l\u00ebnd\u00eb e dyshuar narkotike cannabis sativa.<\/em><\/p>\n<p><em>L\u00ebnda narkotike u gjet si rezultat i kontrolleve t\u00eb ushtruara n\u00eb baz\u00eb t\u00eb informacioneve t\u00eb siguruara nga inteligjenca policore, n\u00eb banesat e 2 shtetasve (v\u00ebllez\u00ebr), n\u00eb fshatin Bul\u00e7esh.<\/em><\/p>\n<p><em>Vihen n\u00eb pranga 2 v\u00ebllez\u00ebrit q\u00eb posedonin l\u00ebnd\u00ebn narkotike.<\/em><\/p>\n<p><em>Specialist\u00ebt e Seksionit p\u00ebr Hetimin e Narkotik\u00ebve dhe Trafiqeve, n\u00eb bashk\u00ebpunim me specialist\u00ebt e Sektorit p\u00ebr Hetimin e Krimeve t\u00eb R\u00ebnda ndaj Personit dhe Pron\u00ebs, bazuar n\u00eb informacionet e siguruara nga inteligjenca policore, kan\u00eb organizuar operacionin policor t\u00eb koduar \u201cBul\u00e7esh\u201d.<\/em><\/p>\n<p><em>Gjat\u00eb operacionit \u00ebsht\u00eb ushtruar kontroll n\u00eb banesat e shtetasve S. A. dhe O. A. (v\u00ebllez\u00ebr), n\u00eb fshatin Bul\u00e7esh, Tiran\u00eb, dhe si rezultat \u00ebsht\u00eb gjetur dhe sekuestruar nj\u00eb sasi l\u00ebnde e dyshuar narkotike cannabis sativa, me pesh\u00eb 7.9 kilogram\u00eb.<\/em><\/p>\n<p><em>N\u00eb vijim t\u00eb veprimeve procedurale, u arrestuan n\u00eb flagranc\u00eb shtetasit S. A., 39 vje\u00e7 dhe O. A., 25 vje\u00e7, p\u00ebr vepr\u00ebn penale \u201cProdhimi dhe shitja e narkotik\u00ebve\u201d.<\/em><\/p>\n<p><em>N\u00eb drejtimin e Prokuroris\u00eb vijojn\u00eb hetimet p\u00ebr dokumentimin e plot\u00eb t\u00eb veprimtaris\u00eb kriminale t\u00eb k\u00ebtyre shtetasve.<\/em><\/p>\n<p><em>Materialet procedurale i kaluan Prokuroris\u00eb pran\u00eb Gjykat\u00ebs s\u00eb Shkall\u00ebs s\u00eb Par\u00eb t\u00eb Juridiksionit t\u00eb P\u00ebrgjithsh\u00ebm Tiran\u00eb, p\u00ebr veprime t\u00eb m\u00ebtejshme.<\/em><\/p>\n","protected":false},"excerpt":{"rendered":"<p>Policia e shtetit ka arrestuar dy v\u00ebllez\u00ebr n\u00eb fshatin n\u00eb Bul\u00e7esh n\u00eb Tiran\u00eb. Ata jan\u00eb Saimir Aruci dhe Oltjan Aruci b\u00ebnues n\u00eb Bul\u00e7esh. Si rezultat i kontrolleve policore n\u00eb baz\u00eb t\u00eb informacioneve t\u00eb sigurura, n\u00eb banes\u00ebn e tyre u gjet l\u00ebnd\u00eb narkotike. Gjat\u00eb operacionit u sekuestruan 7.9 kilogram\u00eb l\u00ebnd\u00eb narkotike kanabis sativa q\u00eb i p\u00ebrkiste [&hellip;]<\/p>\n","protected":false},"author":5,"featured_media":55421,"comment_status":"closed","ping_status":"closed","sticky":false,"template":"","format":"standard","meta":{"footnotes":""},"categories":[1,6332],"tags":[27604,27605],"class_list":{"0":"post-67691","1":"post","2":"type-post","3":"status-publish","4":"format-standard","5":"has-post-thumbnail","7":"category-aktualitet","8":"category-te-fundit","9":"tag-emrat-arrestohen-2-vellezer","10":"tag-u-kapen-me-droge-ne-shtepi"},"_links":{"self":[{"href":"https:\/\/jugulajm.net\/index.php?rest_route=\/wp\/v2\/posts\/67691","targetHints":{"allow":["GET"]}}],"collection":[{"href":"https:\/\/jugulajm.net\/index.php?rest_route=\/wp\/v2\/posts"}],"about":[{"href":"https:\/\/jugulajm.net\/index.php?rest_route=\/wp\/v2\/types\/post"}],"author":[{"embeddable":true,"href":"https:\/\/jugulajm.net\/index.php?rest_route=\/wp\/v2\/users\/5"}],"replies":[{"embeddable":true,"href":"https:\/\/jugulajm.net\/index.php?rest_route=%2Fwp%2Fv2%2Fcomments&post=67691"}],"version-history":[{"count":0,"href":"https:\/\/jugulajm.net\/index.php?rest_route=\/wp\/v2\/posts\/67691\/revisions"}],"wp:featuredmedia":[{"embeddable":true,"href":"https:\/\/jugulajm.net\/index.php?rest_route=\/wp\/v2\/media\/55421"}],"wp:attachment":[{"href":"https:\/\/jugulajm.net\/index.php?rest_route=%2Fwp%2Fv2%2Fmedia&parent=67691"}],"wp:term":[{"taxonomy":"category","embeddable":true,"href":"https:\/\/jugulajm.net\/index.php?rest_route=%2Fwp%2Fv2%2Fcategories&post=67691"},{"taxonomy":"post_tag","embeddable":true,"href":"https:\/\/jugulajm.net\/index.php?rest_route=%2Fwp%2Fv2%2Ftags&post=67691"}],"curies":[{"name":"wp","href":"https:\/\/api.w.org\/{rel}","templated":true}]}}