{"id":67662,"date":"2023-11-12T17:17:07","date_gmt":"2023-11-12T16:17:07","guid":{"rendered":"https:\/\/jugulajm.net\/?p=67662"},"modified":"2023-11-12T17:17:07","modified_gmt":"2023-11-12T16:17:07","slug":"aktori-derhemi-shperthen-ndaj-mamaqit-u-ulen-malet-u-ngriten-halet","status":"publish","type":"post","link":"https:\/\/jugulajm.net\/?p=67662","title":{"rendered":"Aktori Derhemi shp\u00ebrthen ndaj Mamaqit: U ul\u00ebn malet, u ngrit\u00ebn halet"},"content":{"rendered":"<p>Aktori Arben Derhemi ka sulmuar Ermal Mamaqin n\u00eb nj\u00eb postim n\u00eb rrjetet sociale, ku e quan nj\u00eb pseudo humorist t\u00eb kthyer n\u00eb \u201cproducent filmash\u201d q\u00eb ofendon figura q\u00eb kan\u00eb b\u00ebr\u00eb art n\u00eb koh\u00eb t\u00eb v\u00ebshtira.<\/p>\n<p><em>\u201cU ul\u00ebn malet, u ngrit\u00ebn halet\u201d,<\/em>\u00a0shkruan Arben Derhemi p\u00ebr aktorin e humorit, i cili pasi u largua nga \u201cPortokallia\u201d dhe u b\u00eb autor i emisionit t\u00eb tij \u201c6 dit\u00eb pa Ermalit, u kthye n\u00eb producent filmash dhe b\u00ebn trajnime se si t\u00eb b\u00ebhesh i suksessh\u00ebm.<\/p>\n<p>Arben Derhemi shprehet se d\u00ebgjon me dhimbje ofendimin e figurave q\u00eb kan\u00eb b\u00ebr\u00eb art me pun\u00eb e sakrifica, dhe\u00a0<em>\u201cjo duke u zvarritur si larva dhe duke u l\u00ebpir\u00eb e b\u00ebr\u00eb lolo te \u00e7do lloj pushteti e pasunari\u201d,\u00a0<\/em>q\u00eb\u00a0\u00ebsht\u00eb konsideruar thumb p\u00ebr Ermal Mamqin.<\/p>\n<p><em>Sa me dhimbje lexojme qe pseudo humoriste behen \u201cproducente filmash\u201d dhe akoma me me dhimbje i degjojme qe ofendojne figura qe me aq sakrifica e pune, ja kane dale te bejne art ne kohet me te veshtira, jo duke u zvarritur si larva dhe duke lepire e bere lolo te cdo lloj pushteti e pasunari\u2026\u2026.. Ps. U ulen malet u ngriten halet\u201d,<\/em>\u00a0shkruan ai.<\/p>\n<p>Reagimi i Derhemit, vjen pasi Mamaqi i quajti pijanec\u00eb kineast\u00ebt e m\u00ebparsh\u00ebm.<\/p>\n<p>Por kjo nuk \u00ebsht\u00eb hera e par\u00eb q\u00eb aktori ka sulmuar Ermal Mamaqin, pasi\u00a0menj\u00ebher\u00eb pas eventit t\u00eb \u201cDy gisht mjalt\u00eb\u201d u shpreh s b\u00ebn film nj\u00eb njeri q\u00eb ss\u2019ka lidhje me teatrin, regjin\u00eb dhe aktrimin.<\/p>\n<p><em>\u201cFatkeq\u00ebsia e ndjek edhe televizionin edhe filmin. Jo m\u00eb larg se para ca koh\u00ebsh, pat\u00ebm nj\u00eb event t\u00eb \u00e7uditsh\u00ebm d.m.th, u shkul e gjith\u00eb Shqip\u00ebria! S\u2019e merr vesh njeri. B\u00ebn film nj\u00eb njeri i cili nuk ka lidhje fare me teatrin, me regjin\u00eb me aktrimin. B\u00ebn film dhe ti vet\u00ebm kur d\u00ebgjon nga dikush: Ore, sa bukur, e ke par\u00eb at\u00eb filmin?\u201d<\/em>, shkruante Arben Derhemi.<\/p>\n","protected":false},"excerpt":{"rendered":"<p>Aktori Arben Derhemi ka sulmuar Ermal Mamaqin n\u00eb nj\u00eb postim n\u00eb rrjetet sociale, ku e quan nj\u00eb pseudo humorist t\u00eb kthyer n\u00eb \u201cproducent filmash\u201d q\u00eb ofendon figura q\u00eb kan\u00eb b\u00ebr\u00eb art n\u00eb koh\u00eb t\u00eb v\u00ebshtira. \u201cU ul\u00ebn malet, u ngrit\u00ebn halet\u201d,\u00a0shkruan Arben Derhemi p\u00ebr aktorin e humorit, i cili pasi u largua nga \u201cPortokallia\u201d dhe [&hellip;]<\/p>\n","protected":false},"author":5,"featured_media":67663,"comment_status":"closed","ping_status":"closed","sticky":false,"template":"","format":"standard","meta":{"footnotes":""},"categories":[7665,6332],"tags":[27591,27592],"class_list":{"0":"post-67662","1":"post","2":"type-post","3":"status-publish","4":"format-standard","5":"has-post-thumbnail","7":"category-art","8":"category-te-fundit","9":"tag-aktori-derhemi-shperthen-ndaj-mamaqit-u-ulen-malet","10":"tag-u-ngriten-halet"},"_links":{"self":[{"href":"https:\/\/jugulajm.net\/index.php?rest_route=\/wp\/v2\/posts\/67662","targetHints":{"allow":["GET"]}}],"collection":[{"href":"https:\/\/jugulajm.net\/index.php?rest_route=\/wp\/v2\/posts"}],"about":[{"href":"https:\/\/jugulajm.net\/index.php?rest_route=\/wp\/v2\/types\/post"}],"author":[{"embeddable":true,"href":"https:\/\/jugulajm.net\/index.php?rest_route=\/wp\/v2\/users\/5"}],"replies":[{"embeddable":true,"href":"https:\/\/jugulajm.net\/index.php?rest_route=%2Fwp%2Fv2%2Fcomments&post=67662"}],"version-history":[{"count":0,"href":"https:\/\/jugulajm.net\/index.php?rest_route=\/wp\/v2\/posts\/67662\/revisions"}],"wp:featuredmedia":[{"embeddable":true,"href":"https:\/\/jugulajm.net\/index.php?rest_route=\/wp\/v2\/media\/67663"}],"wp:attachment":[{"href":"https:\/\/jugulajm.net\/index.php?rest_route=%2Fwp%2Fv2%2Fmedia&parent=67662"}],"wp:term":[{"taxonomy":"category","embeddable":true,"href":"https:\/\/jugulajm.net\/index.php?rest_route=%2Fwp%2Fv2%2Fcategories&post=67662"},{"taxonomy":"post_tag","embeddable":true,"href":"https:\/\/jugulajm.net\/index.php?rest_route=%2Fwp%2Fv2%2Ftags&post=67662"}],"curies":[{"name":"wp","href":"https:\/\/api.w.org\/{rel}","templated":true}]}}