{"id":67639,"date":"2023-11-11T22:07:50","date_gmt":"2023-11-11T21:07:50","guid":{"rendered":"https:\/\/jugulajm.net\/?p=67639"},"modified":"2023-11-11T22:07:50","modified_gmt":"2023-11-11T21:07:50","slug":"lajm-i-fundit-2-makina-perplasen-me-njera-tjetren-humb-jeten-25-vjecari","status":"publish","type":"post","link":"https:\/\/jugulajm.net\/?p=67639","title":{"rendered":"LAJM I FUNDIT\/ 2 makina p\u00ebrplasen me nj\u00ebra-tjetr\u00ebn, humb jet\u00ebn 25-vje\u00e7ari"},"content":{"rendered":"<p>Nj\u00eb aksident i r\u00ebnd\u00eb me pasoj\u00eb vdekjen ka ndodhur mbr\u00ebmjen e sotme n\u00eb Bulqiz\u00eb.<\/p>\n<p>Dy automjete jan\u00eb p\u00ebrplasur me nj\u00ebra-tjetr\u00ebn pran\u00eb mbikalimit.<\/p>\n<p>Si pasoj\u00eb ka humbur jet\u00ebn 25-vje\u00e7ari E. N, nd\u00ebrsa 2 persona t\u00eb tjer\u00eb jan\u00eb d\u00ebrguar n\u00eb spital n\u00eb gjendje t\u00eb r\u00ebnd\u00eb.<\/p>\n<p>Ende nuk dihen rrethanat e aksidentit.<\/p>\n<p>Grupi hetimor \u00ebsht\u00eb n\u00eb vendngjarje dhe po punon p\u00ebr zbardhjen e plot\u00eb t\u00eb ndodhjes s\u00eb aksidentit.<\/p>\n","protected":false},"excerpt":{"rendered":"<p>Nj\u00eb aksident i r\u00ebnd\u00eb me pasoj\u00eb vdekjen ka ndodhur mbr\u00ebmjen e sotme n\u00eb Bulqiz\u00eb. Dy automjete jan\u00eb p\u00ebrplasur me nj\u00ebra-tjetr\u00ebn pran\u00eb mbikalimit. Si pasoj\u00eb ka humbur jet\u00ebn 25-vje\u00e7ari E. N, nd\u00ebrsa 2 persona t\u00eb tjer\u00eb jan\u00eb d\u00ebrguar n\u00eb spital n\u00eb gjendje t\u00eb r\u00ebnd\u00eb. Ende nuk dihen rrethanat e aksidentit. Grupi hetimor \u00ebsht\u00eb n\u00eb vendngjarje dhe [&hellip;]<\/p>\n","protected":false},"author":5,"featured_media":51223,"comment_status":"closed","ping_status":"closed","sticky":false,"template":"","format":"standard","meta":{"footnotes":""},"categories":[1,6332],"tags":[25357,27580],"class_list":{"0":"post-67639","1":"post","2":"type-post","3":"status-publish","4":"format-standard","5":"has-post-thumbnail","7":"category-aktualitet","8":"category-te-fundit","9":"tag-humb-jeten-25-vjecari","10":"tag-lajm-i-fundit-2-makina-perplasen-me-njera-tjetren"},"_links":{"self":[{"href":"https:\/\/jugulajm.net\/index.php?rest_route=\/wp\/v2\/posts\/67639","targetHints":{"allow":["GET"]}}],"collection":[{"href":"https:\/\/jugulajm.net\/index.php?rest_route=\/wp\/v2\/posts"}],"about":[{"href":"https:\/\/jugulajm.net\/index.php?rest_route=\/wp\/v2\/types\/post"}],"author":[{"embeddable":true,"href":"https:\/\/jugulajm.net\/index.php?rest_route=\/wp\/v2\/users\/5"}],"replies":[{"embeddable":true,"href":"https:\/\/jugulajm.net\/index.php?rest_route=%2Fwp%2Fv2%2Fcomments&post=67639"}],"version-history":[{"count":0,"href":"https:\/\/jugulajm.net\/index.php?rest_route=\/wp\/v2\/posts\/67639\/revisions"}],"wp:featuredmedia":[{"embeddable":true,"href":"https:\/\/jugulajm.net\/index.php?rest_route=\/wp\/v2\/media\/51223"}],"wp:attachment":[{"href":"https:\/\/jugulajm.net\/index.php?rest_route=%2Fwp%2Fv2%2Fmedia&parent=67639"}],"wp:term":[{"taxonomy":"category","embeddable":true,"href":"https:\/\/jugulajm.net\/index.php?rest_route=%2Fwp%2Fv2%2Fcategories&post=67639"},{"taxonomy":"post_tag","embeddable":true,"href":"https:\/\/jugulajm.net\/index.php?rest_route=%2Fwp%2Fv2%2Ftags&post=67639"}],"curies":[{"name":"wp","href":"https:\/\/api.w.org\/{rel}","templated":true}]}}