{"id":67590,"date":"2023-11-10T20:12:31","date_gmt":"2023-11-10T19:12:31","guid":{"rendered":"https:\/\/jugulajm.net\/?p=67590"},"modified":"2023-11-10T20:12:48","modified_gmt":"2023-11-10T19:12:48","slug":"emri-video-shqiptari-53-vjecar-vritet-ne-ekuador","status":"publish","type":"post","link":"https:\/\/jugulajm.net\/?p=67590","title":{"rendered":"EMRI-VIDEO\/ Shqiptari 53-vje\u00e7ar vritet n\u00eb Ekuador"},"content":{"rendered":"<div class=\"post-content entry-content\">\n<p class=\"selectionShareable\">Nj\u00eb shtetas shqiptar \u00ebsht\u00eb vrar\u00eb me arm\u00eb zjarri n\u00eb Guajakil t\u00eb Ekuadorit.<\/p>\n<p class=\"selectionShareable\">Mediat ekuadoriane raportojn\u00eb se shqiptari Arjanit Rizaj, 53-vje\u00e7 \u00ebsht\u00eb vrar\u00eb para spitalit \u201cLuis Vernaza\u201d, ku kishte shoq\u00ebruar bashk\u00ebshorten e tij dhe vet\u00eb po q\u00ebndronte brenda nj\u00eb automjeti t\u00eb parkuar.<\/p>\n<p class=\"selectionShareable\">N\u00eb drejtim t\u00eb shqiptarit \u00ebsht\u00eb q\u00eblluar nga nj\u00eb moto\u00e7iklet\u00eb e bardh\u00eb, q\u00eb drejtohej me dy persona, q\u00eb u larguan n\u00eb drejtim t\u00eb paditur pasi kryen vrasjen.<\/p>\n<p class=\"selectionShareable\">Bashk\u00ebshortja e 53-vje\u00e7arit t\u00eb ndjere ka deklaruar p\u00ebr hetuesit se ajo e pa sken\u00ebn nga shum\u00eb pran\u00eb.<\/p>\n<div class=\"twitter-tweet twitter-tweet-rendered\"><iframe id=\"twitter-widget-0\" class=\"\" title=\"Twitter Tweet\" src=\"https:\/\/platform.twitter.com\/embed\/Tweet.html?dnt=false&amp;embedId=twitter-widget-0&amp;features=eyJ0ZndfdGltZWxpbmVfbGlzdCI6eyJidWNrZXQiOltdLCJ2ZXJzaW9uIjpudWxsfSwidGZ3X2ZvbGxvd2VyX2NvdW50X3N1bnNldCI6eyJidWNrZXQiOnRydWUsInZlcnNpb24iOm51bGx9LCJ0ZndfdHdlZXRfZWRpdF9iYWNrZW5kIjp7ImJ1Y2tldCI6Im9uIiwidmVyc2lvbiI6bnVsbH0sInRmd19yZWZzcmNfc2Vzc2lvbiI6eyJidWNrZXQiOiJvbiIsInZlcnNpb24iOm51bGx9LCJ0ZndfZm9zbnJfc29mdF9pbnRlcnZlbnRpb25zX2VuYWJsZWQiOnsiYnVja2V0Ijoib24iLCJ2ZXJzaW9uIjpudWxsfSwidGZ3X21peGVkX21lZGlhXzE1ODk3Ijp7ImJ1Y2tldCI6InRyZWF0bWVudCIsInZlcnNpb24iOm51bGx9LCJ0ZndfZXhwZXJpbWVudHNfY29va2llX2V4cGlyYXRpb24iOnsiYnVja2V0IjoxMjA5NjAwLCJ2ZXJzaW9uIjpudWxsfSwidGZ3X3Nob3dfYmlyZHdhdGNoX3Bpdm90c19lbmFibGVkIjp7ImJ1Y2tldCI6Im9uIiwidmVyc2lvbiI6bnVsbH0sInRmd19kdXBsaWNhdGVfc2NyaWJlc190b19zZXR0aW5ncyI6eyJidWNrZXQiOiJvbiIsInZlcnNpb24iOm51bGx9LCJ0ZndfdXNlX3Byb2ZpbGVfaW1hZ2Vfc2hhcGVfZW5hYmxlZCI6eyJidWNrZXQiOiJvbiIsInZlcnNpb24iOm51bGx9LCJ0ZndfdmlkZW9faGxzX2R5bmFtaWNfbWFuaWZlc3RzXzE1MDgyIjp7ImJ1Y2tldCI6InRydWVfYml0cmF0ZSIsInZlcnNpb24iOm51bGx9LCJ0ZndfbGVnYWN5X3RpbWVsaW5lX3N1bnNldCI6eyJidWNrZXQiOnRydWUsInZlcnNpb24iOm51bGx9LCJ0ZndfdHdlZXRfZWRpdF9mcm9udGVuZCI6eyJidWNrZXQiOiJvbiIsInZlcnNpb24iOm51bGx9fQ%3D%3D&amp;frame=false&amp;hideCard=false&amp;hideThread=false&amp;id=1722812279471644977&amp;lang=en&amp;origin=https%3A%2F%2Fwww.hashtag.al%2Findex.php%2F2023%2F11%2F10%2Fvritet-shqiptari-ne-ekuador-video%2F&amp;sessionId=2bb1c2d380f8059ceab2758ff1f584fdf7326817&amp;theme=light&amp;widgetsVersion=01917f4d1d4cb%3A1696883169554&amp;width=550px\" frameborder=\"0\" scrolling=\"no\" allowfullscreen=\"allowfullscreen\" data-tweet-id=\"1722812279471644977\" data-mce-fragment=\"1\"><\/iframe><\/div>\n<\/div>\n","protected":false},"excerpt":{"rendered":"<p>Nj\u00eb shtetas shqiptar \u00ebsht\u00eb vrar\u00eb me arm\u00eb zjarri n\u00eb Guajakil t\u00eb Ekuadorit. Mediat ekuadoriane raportojn\u00eb se shqiptari Arjanit Rizaj, 53-vje\u00e7 \u00ebsht\u00eb vrar\u00eb para spitalit \u201cLuis Vernaza\u201d, ku kishte shoq\u00ebruar bashk\u00ebshorten e tij dhe vet\u00eb po q\u00ebndronte brenda nj\u00eb automjeti t\u00eb parkuar. N\u00eb drejtim t\u00eb shqiptarit \u00ebsht\u00eb q\u00eblluar nga nj\u00eb moto\u00e7iklet\u00eb e bardh\u00eb, q\u00eb drejtohej me [&hellip;]<\/p>\n","protected":false},"author":5,"featured_media":67591,"comment_status":"closed","ping_status":"closed","sticky":false,"template":"","format":"standard","meta":{"footnotes":""},"categories":[1,7664,6332],"tags":[27557],"class_list":{"0":"post-67590","1":"post","2":"type-post","3":"status-publish","4":"format-standard","5":"has-post-thumbnail","7":"category-aktualitet","8":"category-bota","9":"category-te-fundit","10":"tag-emri-video-shqiptari-53-vjecar-vritet-ne-ekuador"},"_links":{"self":[{"href":"https:\/\/jugulajm.net\/index.php?rest_route=\/wp\/v2\/posts\/67590","targetHints":{"allow":["GET"]}}],"collection":[{"href":"https:\/\/jugulajm.net\/index.php?rest_route=\/wp\/v2\/posts"}],"about":[{"href":"https:\/\/jugulajm.net\/index.php?rest_route=\/wp\/v2\/types\/post"}],"author":[{"embeddable":true,"href":"https:\/\/jugulajm.net\/index.php?rest_route=\/wp\/v2\/users\/5"}],"replies":[{"embeddable":true,"href":"https:\/\/jugulajm.net\/index.php?rest_route=%2Fwp%2Fv2%2Fcomments&post=67590"}],"version-history":[{"count":0,"href":"https:\/\/jugulajm.net\/index.php?rest_route=\/wp\/v2\/posts\/67590\/revisions"}],"wp:featuredmedia":[{"embeddable":true,"href":"https:\/\/jugulajm.net\/index.php?rest_route=\/wp\/v2\/media\/67591"}],"wp:attachment":[{"href":"https:\/\/jugulajm.net\/index.php?rest_route=%2Fwp%2Fv2%2Fmedia&parent=67590"}],"wp:term":[{"taxonomy":"category","embeddable":true,"href":"https:\/\/jugulajm.net\/index.php?rest_route=%2Fwp%2Fv2%2Fcategories&post=67590"},{"taxonomy":"post_tag","embeddable":true,"href":"https:\/\/jugulajm.net\/index.php?rest_route=%2Fwp%2Fv2%2Ftags&post=67590"}],"curies":[{"name":"wp","href":"https:\/\/api.w.org\/{rel}","templated":true}]}}