{"id":67548,"date":"2023-11-09T21:40:08","date_gmt":"2023-11-09T20:40:08","guid":{"rendered":"https:\/\/jugulajm.net\/?p=67548"},"modified":"2023-11-09T21:40:08","modified_gmt":"2023-11-09T20:40:08","slug":"saimiri-i-stop-it-hap-llogari-gofundme-ndihme-per-vajzen-3-vjecare-qe-u-dhunua-nga-edukatorja","status":"publish","type":"post","link":"https:\/\/jugulajm.net\/?p=67548","title":{"rendered":"Saimiri i &#8220;Stop-it&#8221; hap llogari &#8220;GoFundme&#8221;, ndihm\u00eb p\u00ebr vajz\u00ebn 3-vje\u00e7are q\u00eb u dhunua nga edukatorja"},"content":{"rendered":"<nav class=\"menu-holder\">Drejtuesi i emisionit &#8220;Stop&#8221; n\u00eb Tv Klan, Saimir Kodra, q\u00eb denoncoi rastin e dhun\u00ebs ndaj vajz\u00ebs 3-vje\u00e7are nga edukatorja n\u00eb kopsht, ka deklaruar se ka hapur nj\u00eb llogari GoFundme n\u00eb internet p\u00ebr familjen e vajz\u00ebs t\u00eb cil\u00ebs ju thye k\u00ebmba.<\/p>\n<\/nav>\n<section class=\"under-sticky-header\">\n<div class=\"container readmore-container mgb-40\">\n<div class=\"row row-12 clear\">\n<div class=\"col-lg-8 col-12 readmore-content\"><main>I ftuar n\u00eb emisionin Opinion, Kodra b\u00ebri apel q\u00eb kushdo q\u00eb mundet t\u00eb kontribuoj\u00eb p\u00ebr t\u00eb ndihmuar familjen q\u00eb do t\u00eb p\u00ebrballet me shpenzime t\u00eb m\u00ebdha financiare p\u00ebr shkak t\u00eb trajtimit q\u00eb do t\u2019i duhet 3-vje\u00e7ares.<\/p>\n<p><em>\u201cVajza do t\u00eb ket\u00eb, p\u00ebr fat t\u00eb keq, nj\u00eb rrug\u00eb t\u00eb gjat\u00eb rehabilitimi, jo vet\u00ebm kockor por dhe fizioterapi e gj\u00ebra t\u00eb tjera. P\u00ebr k\u00ebt\u00eb arsye, p\u00ebrfitoj nga rasti, kam hapur nj\u00eb llogar GoFund n\u00eb mir\u00ebkuptim t\u00eb plot\u00eb me llogarin\u00eb bankare t\u00eb n\u00ebn\u00ebs s\u00eb vajz\u00ebs, p\u00ebr ta ndihmuar sepse kostot sipas ekspert\u00ebve financiar\u00eb dhe atyre q\u00eb jan\u00eb t\u00eb fush\u00ebs, do jen\u00eb tmerr\u00ebsisht t\u00eb m\u00ebdha. Pa llogaritur, q\u00eb nj\u00ebri nga prind\u00ebrit, n\u00eb k\u00ebt\u00eb rast n\u00ebna, duhet t\u00eb rrij\u00eb minimalisht 1 vit me vajz\u00ebn pa punuar. Pra tani babait i bie q\u00eb t\u00eb b\u00ebj\u00eb 3 pun\u00eb\u201d,<\/em>\u00a0u shpreh Saimir Kodra.<\/p>\n<p>Edukatorja Majlinda Dehima u arrestua pasditen e sotme n\u00ebn akuz\u00ebn e keqtrajtimit t\u00eb t\u00eb miturve. Rasti i dhunimit t\u00eb 3-vje\u00e7ares n\u00eb kopshtin pa licenc\u00eb \u201cStin\u00ebt\u201d u denoncua p\u00ebr her\u00eb t\u00eb par\u00eb nga emisioni Stop n\u00eb Tv Klan, nd\u00ebrsa punonj\u00ebsit e policis\u00eb q\u00eb mor\u00ebn denoncimin e ngjarjes dit\u00ebn e par\u00eb, jan\u00eb pezulluar dhe po hetohen p\u00ebr shp\u00ebrdorim detyre.<\/p>\n<p><\/main><\/div>\n<\/div>\n<\/div>\n<\/section>\n","protected":false},"excerpt":{"rendered":"<p>Drejtuesi i emisionit &#8220;Stop&#8221; n\u00eb Tv Klan, Saimir Kodra, q\u00eb denoncoi rastin e dhun\u00ebs ndaj vajz\u00ebs 3-vje\u00e7are nga edukatorja n\u00eb kopsht, ka deklaruar se ka hapur nj\u00eb llogari GoFundme n\u00eb internet p\u00ebr familjen e vajz\u00ebs t\u00eb cil\u00ebs ju thye k\u00ebmba. I ftuar n\u00eb emisionin Opinion, Kodra b\u00ebri apel q\u00eb kushdo q\u00eb mundet t\u00eb kontribuoj\u00eb p\u00ebr [&hellip;]<\/p>\n","protected":false},"author":5,"featured_media":67549,"comment_status":"closed","ping_status":"closed","sticky":false,"template":"","format":"standard","meta":{"footnotes":""},"categories":[1,6332],"tags":[27531,27530],"class_list":{"0":"post-67548","1":"post","2":"type-post","3":"status-publish","4":"format-standard","5":"has-post-thumbnail","7":"category-aktualitet","8":"category-te-fundit","9":"tag-ndihme-per-vajzen-3-vjecare-qe-u-dhunua-nga-edukatorja","10":"tag-saimiri-i-stop-it-hap-llogari-gofundme"},"_links":{"self":[{"href":"https:\/\/jugulajm.net\/index.php?rest_route=\/wp\/v2\/posts\/67548","targetHints":{"allow":["GET"]}}],"collection":[{"href":"https:\/\/jugulajm.net\/index.php?rest_route=\/wp\/v2\/posts"}],"about":[{"href":"https:\/\/jugulajm.net\/index.php?rest_route=\/wp\/v2\/types\/post"}],"author":[{"embeddable":true,"href":"https:\/\/jugulajm.net\/index.php?rest_route=\/wp\/v2\/users\/5"}],"replies":[{"embeddable":true,"href":"https:\/\/jugulajm.net\/index.php?rest_route=%2Fwp%2Fv2%2Fcomments&post=67548"}],"version-history":[{"count":0,"href":"https:\/\/jugulajm.net\/index.php?rest_route=\/wp\/v2\/posts\/67548\/revisions"}],"wp:featuredmedia":[{"embeddable":true,"href":"https:\/\/jugulajm.net\/index.php?rest_route=\/wp\/v2\/media\/67549"}],"wp:attachment":[{"href":"https:\/\/jugulajm.net\/index.php?rest_route=%2Fwp%2Fv2%2Fmedia&parent=67548"}],"wp:term":[{"taxonomy":"category","embeddable":true,"href":"https:\/\/jugulajm.net\/index.php?rest_route=%2Fwp%2Fv2%2Fcategories&post=67548"},{"taxonomy":"post_tag","embeddable":true,"href":"https:\/\/jugulajm.net\/index.php?rest_route=%2Fwp%2Fv2%2Ftags&post=67548"}],"curies":[{"name":"wp","href":"https:\/\/api.w.org\/{rel}","templated":true}]}}