{"id":67540,"date":"2023-11-09T19:05:03","date_gmt":"2023-11-09T18:05:03","guid":{"rendered":"https:\/\/jugulajm.net\/?p=67540"},"modified":"2023-11-09T19:05:03","modified_gmt":"2023-11-09T18:05:03","slug":"dhunimi-i-3-vjecares-nga-edukatorja-proteste-masive-te-ministria-e-arsimit","status":"publish","type":"post","link":"https:\/\/jugulajm.net\/?p=67540","title":{"rendered":"Dhunimi i 3-vje\u00e7ares nga edukatorja, protest\u00eb masive te Ministria e Arsimit"},"content":{"rendered":"<p>Qindra qytetar\u00eb kan\u00eb dal\u00eb n\u00eb protest\u00eb, pasditen e k\u00ebsaj t\u00eb enjteje, p\u00ebrball\u00eb Ministris\u00eb s\u00eb Arsimit, pasi nj\u00eb edukatore rrahu nj\u00eb 3-vje\u00e7are duke i thyer k\u00ebmb\u00ebn.<\/p>\n<p>Majlinda Dehima, punonte si edukatore n\u00eb kopshtin \u2018Stin\u00ebt\u2019, mir\u00ebpo ajo ka \u2018shkelur me 2 k\u00ebmb\u00eb\u2019 misionin p\u00ebr t\u00eb cilin ishte pun\u00ebsuar, p\u00ebrtej \u00e7do ndjenje njer\u00ebzore.<\/p>\n<p>Ato shprehen t\u00eb indinjuara duke th\u00ebn\u00eb se institucionet p\u00ebrkat\u00ebse t\u00eb mbajn\u00eb p\u00ebrgjegj\u00ebsi.<\/p>\n<p>Ato thon\u00eb se dhe nes\u00ebr do t\u00eb dali n\u00eb shesh p\u00ebr t\u00eb protestuar p\u00ebr dhun\u00ebn ndaj f\u00ebmij\u00ebve.<\/p>\n<p>P\u00ebrve\u00e7 saj, p\u00ebr m\u00eb shum\u00eb se 24 or\u00eb hesht\u00ebn dhe institucionet dhe u desh q\u00eb t\u00eb publikohej ky skandal, q\u00eb t\u00eb kuptohej q\u00eb ky kopsht ishte e palicencuar.<\/p>\n<p>P\u00ebr k\u00ebt\u00eb arsye, qytetar\u00ebt kan\u00eb dal\u00eb n\u00eb protest\u00eb ku k\u00ebrkojn\u00eb drejt\u00ebsi.<\/p>\n<p>Pak m\u00eb par\u00eb u b\u00eb e ditur se, edukatorja Dehima ishte arrestuar, pas nj\u00eb k\u00ebrkese t\u00eb b\u00ebr\u00eb nga prokuroria e Tiran\u00ebs.<\/p>\n<div class=\"jeg_ad jeg_ad_article jnews_content_inline_ads  \">\n<div class=\"ads-wrapper align-center \">\n<div class=\"ads_code\"><\/div>\n<\/div>\n<\/div>\n","protected":false},"excerpt":{"rendered":"<p>Qindra qytetar\u00eb kan\u00eb dal\u00eb n\u00eb protest\u00eb, pasditen e k\u00ebsaj t\u00eb enjteje, p\u00ebrball\u00eb Ministris\u00eb s\u00eb Arsimit, pasi nj\u00eb edukatore rrahu nj\u00eb 3-vje\u00e7are duke i thyer k\u00ebmb\u00ebn. Majlinda Dehima, punonte si edukatore n\u00eb kopshtin \u2018Stin\u00ebt\u2019, mir\u00ebpo ajo ka \u2018shkelur me 2 k\u00ebmb\u00eb\u2019 misionin p\u00ebr t\u00eb cilin ishte pun\u00ebsuar, p\u00ebrtej \u00e7do ndjenje njer\u00ebzore. Ato shprehen t\u00eb indinjuara duke [&hellip;]<\/p>\n","protected":false},"author":5,"featured_media":67541,"comment_status":"closed","ping_status":"closed","sticky":false,"template":"","format":"standard","meta":{"footnotes":""},"categories":[1,6332],"tags":[27525,27526],"class_list":{"0":"post-67540","1":"post","2":"type-post","3":"status-publish","4":"format-standard","5":"has-post-thumbnail","7":"category-aktualitet","8":"category-te-fundit","9":"tag-dhunimi-i-3-vjecares-nga-edukatorja","10":"tag-proteste-masive-te-ministria-e-arsimit"},"_links":{"self":[{"href":"https:\/\/jugulajm.net\/index.php?rest_route=\/wp\/v2\/posts\/67540","targetHints":{"allow":["GET"]}}],"collection":[{"href":"https:\/\/jugulajm.net\/index.php?rest_route=\/wp\/v2\/posts"}],"about":[{"href":"https:\/\/jugulajm.net\/index.php?rest_route=\/wp\/v2\/types\/post"}],"author":[{"embeddable":true,"href":"https:\/\/jugulajm.net\/index.php?rest_route=\/wp\/v2\/users\/5"}],"replies":[{"embeddable":true,"href":"https:\/\/jugulajm.net\/index.php?rest_route=%2Fwp%2Fv2%2Fcomments&post=67540"}],"version-history":[{"count":0,"href":"https:\/\/jugulajm.net\/index.php?rest_route=\/wp\/v2\/posts\/67540\/revisions"}],"wp:featuredmedia":[{"embeddable":true,"href":"https:\/\/jugulajm.net\/index.php?rest_route=\/wp\/v2\/media\/67541"}],"wp:attachment":[{"href":"https:\/\/jugulajm.net\/index.php?rest_route=%2Fwp%2Fv2%2Fmedia&parent=67540"}],"wp:term":[{"taxonomy":"category","embeddable":true,"href":"https:\/\/jugulajm.net\/index.php?rest_route=%2Fwp%2Fv2%2Fcategories&post=67540"},{"taxonomy":"post_tag","embeddable":true,"href":"https:\/\/jugulajm.net\/index.php?rest_route=%2Fwp%2Fv2%2Ftags&post=67540"}],"curies":[{"name":"wp","href":"https:\/\/api.w.org\/{rel}","templated":true}]}}