{"id":67530,"date":"2023-11-09T17:22:32","date_gmt":"2023-11-09T16:22:32","guid":{"rendered":"https:\/\/jugulajm.net\/?p=67530"},"modified":"2023-11-09T17:22:32","modified_gmt":"2023-11-09T16:22:32","slug":"lajm-i-fundit-arrestohet-edukatorja-dhunuese-i-theu-kemben-3-vjecares-ne-kopsht","status":"publish","type":"post","link":"https:\/\/jugulajm.net\/?p=67530","title":{"rendered":"LAJM I FUNDIT\/ Arrestohet edukatorja dhunuese, i theu k\u00ebmb\u00ebn 3-vje\u00e7ares n\u00eb kopsht"},"content":{"rendered":"<p>Prokuroria e Tiran\u00ebs ka k\u00ebrkuar caktimin e mas\u00ebs s\u00eb siguris\u00eb \u201cArrest me burg\u201d, p\u00ebr Majlinda Dehim\u00ebn, edukatorja e cila dhunoi 3-vje\u00e7aren n\u00eb kopshin privat \u201cStin\u00ebt\u201d.<\/p>\n<p>Prokuroria i ka b\u00ebr\u00eb k\u00ebrkes\u00eb dit\u00ebn e sotme Gjykat\u00ebs, duke argumentuar se Dehima akuzohet p\u00ebr vepr\u00ebn penale \u201cKeqtrajtim i t\u00eb miturit\u201d dhe duhet t\u00eb q\u00ebndroj\u00eb n\u00eb burg deri n\u00eb p\u00ebrfundim t\u00eb hetimeve ndaj saj.<\/p>\n<p>Kujtojm\u00eb se rasi i r\u00ebnd\u00eb u b\u00eb publik n\u00eb nj\u00eb emision investigativ, ku u d\u00ebshmua me pamje dhe z\u00eb se si edukatorja e dhunonte vajz\u00ebn e mitur, madje duke i thyer edhe k\u00ebmb\u00ebn.<\/p>\n<p><strong>Njoftimi i Prokuroris\u00eb:<\/strong><\/p>\n<p>Prokuroria pran\u00eb Gjykat\u00ebs s\u00eb Juridiksionit t\u00eb P\u00ebrgjithsh\u00ebm Tiran\u00eb k\u00ebrkoi caktimin e mas\u00ebs s\u00eb sigurimit \u201cArrest n\u00eb burg\u201d parashikuar nga neni 238 i K.Pr.Penale, p\u00ebr personin n\u00ebn hetim M. D., p\u00ebr vepr\u00ebn penale \u201cKeqtrajtim i t\u00eb miturit\u201d, t\u00eb parashikuar nga neni 124\/b\/1 i K.Penal.<\/p>\n<p>Kjo mas\u00eb u k\u00ebrkua menj\u00ebher\u00eb pas marrjes n\u00eb dor\u00ebzim dit\u00ebn e sotme, m\u00eb dt. 09.11.2023, t\u00eb procesverbalit p\u00ebr kqyrjen e pamjeve filmike (usb), i cili \u00ebsht\u00eb mbajtur m\u00eb dt. 08.11.2023. Me shkres\u00ebn nr. 9538\/1 prot., dt. 08.11.2023, protokolluar n\u00eb Prokurori me nr. 10983 prot., dt. 09.11.2023, Instituti i Mjek\u00ebsis\u00eb Ligjore, ka p\u00ebrcjell\u00eb aktin e ekspertimit mjeko-ligjor.<\/p>\n<p>Prokuroria pran\u00eb Gjykat\u00ebs s\u00eb Juridiksionit t\u00eb P\u00ebrgjithsh\u00ebm Tiran\u00eb, po kryen veprimet e tjera procedurale p\u00ebr dokumentimin e faktit, n\u00eb kuad\u00ebr t\u00eb procedimit penal nr. 7527, i regjistruar pas kall\u00ebzimit mbi baz\u00ebn e materialeve t\u00eb referuara nga Drejtoria e Policis\u00eb s\u00eb Qarkut Tiran\u00eb, Komisariati i Policis\u00eb nr.1, p\u00ebr Vepr\u00ebn Penale \u201cKeqtrajtimi i t\u00eb miturit\u201d, parashikuar nga neni 124\/b i Kodit Penal.<\/p>\n","protected":false},"excerpt":{"rendered":"<p>Prokuroria e Tiran\u00ebs ka k\u00ebrkuar caktimin e mas\u00ebs s\u00eb siguris\u00eb \u201cArrest me burg\u201d, p\u00ebr Majlinda Dehim\u00ebn, edukatorja e cila dhunoi 3-vje\u00e7aren n\u00eb kopshin privat \u201cStin\u00ebt\u201d. Prokuroria i ka b\u00ebr\u00eb k\u00ebrkes\u00eb dit\u00ebn e sotme Gjykat\u00ebs, duke argumentuar se Dehima akuzohet p\u00ebr vepr\u00ebn penale \u201cKeqtrajtim i t\u00eb miturit\u201d dhe duhet t\u00eb q\u00ebndroj\u00eb n\u00eb burg deri n\u00eb p\u00ebrfundim [&hellip;]<\/p>\n","protected":false},"author":5,"featured_media":56322,"comment_status":"closed","ping_status":"closed","sticky":false,"template":"","format":"standard","meta":{"footnotes":""},"categories":[1,6332],"tags":[27521,27520],"class_list":{"0":"post-67530","1":"post","2":"type-post","3":"status-publish","4":"format-standard","5":"has-post-thumbnail","7":"category-aktualitet","8":"category-te-fundit","9":"tag-i-theu-kemben-3-vjecares-ne-kopsht","10":"tag-lajm-i-fundit-arrestohet-edukatorja-dhunuese"},"_links":{"self":[{"href":"https:\/\/jugulajm.net\/index.php?rest_route=\/wp\/v2\/posts\/67530","targetHints":{"allow":["GET"]}}],"collection":[{"href":"https:\/\/jugulajm.net\/index.php?rest_route=\/wp\/v2\/posts"}],"about":[{"href":"https:\/\/jugulajm.net\/index.php?rest_route=\/wp\/v2\/types\/post"}],"author":[{"embeddable":true,"href":"https:\/\/jugulajm.net\/index.php?rest_route=\/wp\/v2\/users\/5"}],"replies":[{"embeddable":true,"href":"https:\/\/jugulajm.net\/index.php?rest_route=%2Fwp%2Fv2%2Fcomments&post=67530"}],"version-history":[{"count":0,"href":"https:\/\/jugulajm.net\/index.php?rest_route=\/wp\/v2\/posts\/67530\/revisions"}],"wp:featuredmedia":[{"embeddable":true,"href":"https:\/\/jugulajm.net\/index.php?rest_route=\/wp\/v2\/media\/56322"}],"wp:attachment":[{"href":"https:\/\/jugulajm.net\/index.php?rest_route=%2Fwp%2Fv2%2Fmedia&parent=67530"}],"wp:term":[{"taxonomy":"category","embeddable":true,"href":"https:\/\/jugulajm.net\/index.php?rest_route=%2Fwp%2Fv2%2Fcategories&post=67530"},{"taxonomy":"post_tag","embeddable":true,"href":"https:\/\/jugulajm.net\/index.php?rest_route=%2Fwp%2Fv2%2Ftags&post=67530"}],"curies":[{"name":"wp","href":"https:\/\/api.w.org\/{rel}","templated":true}]}}