{"id":67524,"date":"2023-11-09T17:02:15","date_gmt":"2023-11-09T16:02:15","guid":{"rendered":"https:\/\/jugulajm.net\/?p=67524"},"modified":"2023-11-09T17:04:23","modified_gmt":"2023-11-09T16:04:23","slug":"tjeter-rast-dhune-ne-kopsht-ndodh-ne-durres-denoncimi-nga-familja-nuk-eshte-hera-e-pare","status":"publish","type":"post","link":"https:\/\/jugulajm.net\/?p=67524","title":{"rendered":"Tjet\u00ebr rast dhune n\u00eb kopsht, denoncimi nga familja: Nuk \u00ebsht\u00eb hera e par\u00eb&#8230;"},"content":{"rendered":"<p>Pas ngjarjes s\u00eb r\u00ebnd\u00eb q\u00eb ndodhi brenda kopshtit privat n\u00eb Tiran\u00eb, ku u dhunua nj\u00eb 3-vje\u00e7are, \u00ebsht\u00eb b\u00ebr\u00eb publik edhe nj\u00eb tjet\u00ebr episod dhune ndaj nj\u00eb t\u00eb miture.<\/p>\n<p>Nj\u00eb tjet\u00ebr skandal b\u00ebhet i ditur t\u00eb ket\u00eb ndodhur n\u00eb nj\u00eb kop\u00ebsht t\u00eb Durr\u00ebsit n\u00eb shtator dhe \u00ebsht\u00eb rr\u00ebfyer nga mamaja e Soleit 5 vje\u00e7.<\/p>\n<p>Vog\u00eblushja shkonte prej tre vitesh ne kop\u00ebshtin privat t\u00eb quajtur \u201cKinder\u201d dhe \u00ebsht\u00eb b\u00ebr\u00eb viktim\u00eb e dhun\u00ebs s\u00eb edukatoreve disa her\u00eb.<\/p>\n<p>Rasti i par\u00eb i dhun\u00ebs ndaj Soleit \u00ebsht\u00eb regjistruar n\u00eb Korrik, ku edukatore Mirela e k\u00ebtij kop\u00ebshti e kishte mbyllur n\u00eb banjo dhe i kishte shkulur flok\u00ebt.<\/p>\n<p>N\u00eb lidhje me rastin ka b\u00ebn\u00eb n\u00eb dijeni drejtoresh\u00ebn e kop\u00ebshtit teksa ajo i ka th\u00ebn\u00eb se n\u00eb banj\u00eb nuk kan\u00eb kamera.<\/p>\n<p>Rasti i dyt\u00eb \u00ebsht\u00eb regjistruar n\u00eb Shtator, ku edukatore Adelina e ka q\u00eblluar me shpull\u00eb dhe shenjat e dukshme t\u00eb dhun\u00ebs kan\u00eb sh\u00ebnjuar fytyr\u00ebn e brisht\u00eb t\u00eb vog\u00eblushes.<\/p>\n<p>Mamaja e vajz\u00ebs \u00ebsht\u00eb shprehur se ka par\u00eb pamjet filmike t\u00eb kamerave kur ndaj 5 vje\u00e7ares \u00ebsht\u00eb ushtruar dhun\u00eb por institucioni nuk i ka lejuar t\u2019i marr\u00eb.<\/p>\n<p>Ajo ka v\u00ebn\u00eb n\u00eb dijeni Daniel\u00ebn, drejtoresh\u00ebn e kop\u00ebshtit p\u00ebr rastin teksa kjo e fundit i ka th\u00ebn\u00eb se edukatore Adelina \u00ebsht\u00eb pushuar nga puna.<\/p>\n<p>Kjo e fundit i ka k\u00ebrkuar falje mamas\u00eb s\u00eb vajz\u00ebs pasi i ka d\u00ebrguar foton e shenjave t\u00eb gishtave n\u00eb fytyr\u00ebn e vajz\u00ebs.<\/p>\n","protected":false},"excerpt":{"rendered":"<p>Pas ngjarjes s\u00eb r\u00ebnd\u00eb q\u00eb ndodhi brenda kopshtit privat n\u00eb Tiran\u00eb, ku u dhunua nj\u00eb 3-vje\u00e7are, \u00ebsht\u00eb b\u00ebr\u00eb publik edhe nj\u00eb tjet\u00ebr episod dhune ndaj nj\u00eb t\u00eb miture. Nj\u00eb tjet\u00ebr skandal b\u00ebhet i ditur t\u00eb ket\u00eb ndodhur n\u00eb nj\u00eb kop\u00ebsht t\u00eb Durr\u00ebsit n\u00eb shtator dhe \u00ebsht\u00eb rr\u00ebfyer nga mamaja e Soleit 5 vje\u00e7. Vog\u00eblushja shkonte [&hellip;]<\/p>\n","protected":false},"author":5,"featured_media":67525,"comment_status":"closed","ping_status":"closed","sticky":false,"template":"","format":"standard","meta":{"footnotes":""},"categories":[1,7520,6332],"tags":[27519,27517],"class_list":{"0":"post-67524","1":"post","2":"type-post","3":"status-publish","4":"format-standard","5":"has-post-thumbnail","7":"category-aktualitet","8":"category-arsim","9":"category-te-fundit","10":"tag-denoncimi-nga-familja-nuk-eshte-hera-e-pare","11":"tag-tjeter-rast-dhune-ne-kopsht"},"_links":{"self":[{"href":"https:\/\/jugulajm.net\/index.php?rest_route=\/wp\/v2\/posts\/67524","targetHints":{"allow":["GET"]}}],"collection":[{"href":"https:\/\/jugulajm.net\/index.php?rest_route=\/wp\/v2\/posts"}],"about":[{"href":"https:\/\/jugulajm.net\/index.php?rest_route=\/wp\/v2\/types\/post"}],"author":[{"embeddable":true,"href":"https:\/\/jugulajm.net\/index.php?rest_route=\/wp\/v2\/users\/5"}],"replies":[{"embeddable":true,"href":"https:\/\/jugulajm.net\/index.php?rest_route=%2Fwp%2Fv2%2Fcomments&post=67524"}],"version-history":[{"count":0,"href":"https:\/\/jugulajm.net\/index.php?rest_route=\/wp\/v2\/posts\/67524\/revisions"}],"wp:featuredmedia":[{"embeddable":true,"href":"https:\/\/jugulajm.net\/index.php?rest_route=\/wp\/v2\/media\/67525"}],"wp:attachment":[{"href":"https:\/\/jugulajm.net\/index.php?rest_route=%2Fwp%2Fv2%2Fmedia&parent=67524"}],"wp:term":[{"taxonomy":"category","embeddable":true,"href":"https:\/\/jugulajm.net\/index.php?rest_route=%2Fwp%2Fv2%2Fcategories&post=67524"},{"taxonomy":"post_tag","embeddable":true,"href":"https:\/\/jugulajm.net\/index.php?rest_route=%2Fwp%2Fv2%2Ftags&post=67524"}],"curies":[{"name":"wp","href":"https:\/\/api.w.org\/{rel}","templated":true}]}}