{"id":67512,"date":"2023-11-09T12:54:14","date_gmt":"2023-11-09T11:54:14","guid":{"rendered":"https:\/\/jugulajm.net\/?p=67512"},"modified":"2023-11-09T12:54:14","modified_gmt":"2023-11-09T11:54:14","slug":"lajm-i-fundit-arrestohet-nena-30-vjecare-braktisi-foshnjen-e-saj-ja-akuza-ndaj-saj","status":"publish","type":"post","link":"https:\/\/jugulajm.net\/?p=67512","title":{"rendered":"LAJM I FUNDIT\/ Arrestohet n\u00ebna 30-vje\u00e7are, braktisi foshnj\u00ebn e saj, ja akuza ndaj saj&#8230;"},"content":{"rendered":"<p>E reja q\u00eb braktisi f\u00ebmij\u00ebn q\u00eb sapo kishte sjell\u00eb n\u00eb jet\u00eb n\u00eb nj\u00eb pallat n\u00eb zon\u00ebn e Yzberishtit \u00ebsht\u00eb v\u00ebn\u00eb n\u00eb pranga.<\/p>\n<p>Njoftohet se E. I., 30 vje\u00e7e, banuese n\u00eb Tiran\u00eb, \u00ebsht\u00eb arrestuar p\u00ebr vepr\u00ebn penale &#8220;Braktisja e f\u00ebmij\u00ebve t\u00eb mitur&#8221;.<\/p>\n<p>Foshnja, e cila u d\u00ebrgua n\u00eb spital pasi u gjet e braktisur, p\u00ebr fat t\u00eb keq nuk mundi t\u00eb mbijetonte dhe ka nd\u00ebrruar jet\u00eb dit\u00ebn e sotme.<\/p>\n","protected":false},"excerpt":{"rendered":"<p>E reja q\u00eb braktisi f\u00ebmij\u00ebn q\u00eb sapo kishte sjell\u00eb n\u00eb jet\u00eb n\u00eb nj\u00eb pallat n\u00eb zon\u00ebn e Yzberishtit \u00ebsht\u00eb v\u00ebn\u00eb n\u00eb pranga. Njoftohet se E. I., 30 vje\u00e7e, banuese n\u00eb Tiran\u00eb, \u00ebsht\u00eb arrestuar p\u00ebr vepr\u00ebn penale &#8220;Braktisja e f\u00ebmij\u00ebve t\u00eb mitur&#8221;. Foshnja, e cila u d\u00ebrgua n\u00eb spital pasi u gjet e braktisur, p\u00ebr fat [&hellip;]<\/p>\n","protected":false},"author":5,"featured_media":54481,"comment_status":"closed","ping_status":"closed","sticky":false,"template":"","format":"standard","meta":{"footnotes":""},"categories":[1,6332],"tags":[27508,27509,27507],"class_list":{"0":"post-67512","1":"post","2":"type-post","3":"status-publish","4":"format-standard","5":"has-post-thumbnail","7":"category-aktualitet","8":"category-te-fundit","9":"tag-braktisi-foshnjen-e-saj","10":"tag-ja-akuza-ndaj-saj","11":"tag-lajm-i-fundit-arrestohet-nena-30-vjecare"},"_links":{"self":[{"href":"https:\/\/jugulajm.net\/index.php?rest_route=\/wp\/v2\/posts\/67512","targetHints":{"allow":["GET"]}}],"collection":[{"href":"https:\/\/jugulajm.net\/index.php?rest_route=\/wp\/v2\/posts"}],"about":[{"href":"https:\/\/jugulajm.net\/index.php?rest_route=\/wp\/v2\/types\/post"}],"author":[{"embeddable":true,"href":"https:\/\/jugulajm.net\/index.php?rest_route=\/wp\/v2\/users\/5"}],"replies":[{"embeddable":true,"href":"https:\/\/jugulajm.net\/index.php?rest_route=%2Fwp%2Fv2%2Fcomments&post=67512"}],"version-history":[{"count":0,"href":"https:\/\/jugulajm.net\/index.php?rest_route=\/wp\/v2\/posts\/67512\/revisions"}],"wp:featuredmedia":[{"embeddable":true,"href":"https:\/\/jugulajm.net\/index.php?rest_route=\/wp\/v2\/media\/54481"}],"wp:attachment":[{"href":"https:\/\/jugulajm.net\/index.php?rest_route=%2Fwp%2Fv2%2Fmedia&parent=67512"}],"wp:term":[{"taxonomy":"category","embeddable":true,"href":"https:\/\/jugulajm.net\/index.php?rest_route=%2Fwp%2Fv2%2Fcategories&post=67512"},{"taxonomy":"post_tag","embeddable":true,"href":"https:\/\/jugulajm.net\/index.php?rest_route=%2Fwp%2Fv2%2Ftags&post=67512"}],"curies":[{"name":"wp","href":"https:\/\/api.w.org\/{rel}","templated":true}]}}