{"id":67510,"date":"2023-11-09T12:05:39","date_gmt":"2023-11-09T11:05:39","guid":{"rendered":"https:\/\/jugulajm.net\/?p=67510"},"modified":"2023-11-09T12:05:39","modified_gmt":"2023-11-09T11:05:39","slug":"marreveshja-meloni-rama-gati-perjashtimi-i-ps-se-se-rames-nga-partite-socialiste-europiane","status":"publish","type":"post","link":"https:\/\/jugulajm.net\/?p=67510","title":{"rendered":"Marr\u00ebveshja Meloni-Rama, gati p\u00ebrjashtimi i PS-s\u00eb s\u00eb Ram\u00ebs nga Partit\u00eb Socialiste Europiane"},"content":{"rendered":"<p>Partia Socialiste e Shqip\u00ebris\u00eb rrezikon t\u00eb p\u00ebrjashtohet nga Partit\u00eb Socialiste Europiane, p\u00ebr shkak t\u00eb vendimit t\u00eb marr\u00eb nga kryeministri Rama p\u00ebr refugjat\u00ebt q\u00eb do t\u00eb strehohen n\u00eb Shqip\u00ebri.<\/p>\n<p>K\u00ebrkesa p\u00ebr p\u00ebrjashtimin e partis\u00eb s\u00eb drejtuar nga Rama do t\u00eb b\u00ebhet nga Partia Demokratike n\u00eb Itali, e cila do ta ngrej\u00eb k\u00ebt\u00eb \u00e7\u00ebshtje n\u00eb Kongresin e PSE q\u00eb do t\u00eb mbahet dy dit\u00ebt e ardhshme n\u00eb Spanj\u00eb.<\/p>\n<p>\u201cNe do ta ngrem\u00eb \u00e7\u00ebshtjen n\u00eb kongresin e PSE, i cili do t\u00eb mbahet nes\u00ebr dhe pasnes\u00ebr n\u00eb Malaga, n\u00eb prani t\u00eb t\u00eb gjith\u00eb socialist\u00ebve t\u00eb m\u00ebdhenj t\u00eb kontinentit, nga kryeministri spanjoll Pedro Sanchez, te kancelari gjerman Olaf Scholz\u201d, tha kreu i pun\u00ebve t\u00eb jashtme n\u00eb sekretariatin Schlein, Peppe Provenzano p\u00ebr\u00a0<a href=\"https:\/\/quotidiano.repubblica.it\/edicola\/searchdetail?id=http:\/\/archivio.repubblica.extra.kataweb.it\/archivio\/repubblica\/2023\/11\/09\/migranti-in-albania-il-pd-fuori-rama-dai-socialisti-europei01.html&amp;hl=&amp;query=albania&amp;field=nel+testo&amp;testata=repubblica&amp;newspaper=REP&amp;edition=nazionale&amp;zona=sfoglio&amp;ref=search\">\u201cLa Repubblica\u201d.<\/a><\/p>\n<p>P\u00ebr Partin\u00eb Demokratike t\u00eb Italis\u00eb, marr\u00ebveshja mes Ram\u00ebs dhe kryeministres italiane Giorgia Meloni shkel t\u00eb drejt\u00ebn nd\u00ebrkomb\u00ebtare dhe vlerat e familjes socialiste, ndaj nuk und t\u00eb b\u00ebhej pa u konsultuar m\u00eb par\u00eb me t\u00eb gjith\u00eb institucionet.<\/p>\n<p>Precedent i m\u00ebparsh\u00ebm \u00ebsht\u00eb ai i kryeministrit t\u00eb ri sllovak, Robert Fico: pro-rus, aleat me t\u00eb djatht\u00ebn ekstreme, i cili u p\u00ebrjashtua nga PSE n\u00eb mes t\u00eb tetorit. P\u00ebr Ram\u00ebn, p\u00ebrjashtimi duket t\u00eb jet\u00eb edhe m\u00eb i thjesht\u00eb, pasi ai \u00ebsht\u00eb nj\u00eb v\u00ebzhgues i PSE dhe jo an\u00ebtar, dhe Shqip\u00ebria nuk \u00ebsht\u00eb pjes\u00eb e Bashkimit Europian.<\/p>\n<p>Nj\u00eb vendim i till\u00eb do ta r\u00ebndonte edhe m\u00eb shum\u00eb situat\u00ebn jo vet\u00ebm situat\u00ebn e PS-s\u00eb, por edhe do t\u00eb rrezikonte procesin e integrimit t\u00eb vendit n\u00eb Bashkimin Europian.<\/p>\n","protected":false},"excerpt":{"rendered":"<p>Partia Socialiste e Shqip\u00ebris\u00eb rrezikon t\u00eb p\u00ebrjashtohet nga Partit\u00eb Socialiste Europiane, p\u00ebr shkak t\u00eb vendimit t\u00eb marr\u00eb nga kryeministri Rama p\u00ebr refugjat\u00ebt q\u00eb do t\u00eb strehohen n\u00eb Shqip\u00ebri. K\u00ebrkesa p\u00ebr p\u00ebrjashtimin e partis\u00eb s\u00eb drejtuar nga Rama do t\u00eb b\u00ebhet nga Partia Demokratike n\u00eb Itali, e cila do ta ngrej\u00eb k\u00ebt\u00eb \u00e7\u00ebshtje n\u00eb Kongresin e [&hellip;]<\/p>\n","protected":false},"author":5,"featured_media":64707,"comment_status":"closed","ping_status":"closed","sticky":false,"template":"","format":"standard","meta":{"footnotes":""},"categories":[1,6332],"tags":[27506,27505],"class_list":{"0":"post-67510","1":"post","2":"type-post","3":"status-publish","4":"format-standard","5":"has-post-thumbnail","7":"category-aktualitet","8":"category-te-fundit","9":"tag-gati-perjashtimi-i-ps-se-se-rames-nga-partite-socialiste-europiane","10":"tag-marreveshja-meloni-rama"},"_links":{"self":[{"href":"https:\/\/jugulajm.net\/index.php?rest_route=\/wp\/v2\/posts\/67510","targetHints":{"allow":["GET"]}}],"collection":[{"href":"https:\/\/jugulajm.net\/index.php?rest_route=\/wp\/v2\/posts"}],"about":[{"href":"https:\/\/jugulajm.net\/index.php?rest_route=\/wp\/v2\/types\/post"}],"author":[{"embeddable":true,"href":"https:\/\/jugulajm.net\/index.php?rest_route=\/wp\/v2\/users\/5"}],"replies":[{"embeddable":true,"href":"https:\/\/jugulajm.net\/index.php?rest_route=%2Fwp%2Fv2%2Fcomments&post=67510"}],"version-history":[{"count":0,"href":"https:\/\/jugulajm.net\/index.php?rest_route=\/wp\/v2\/posts\/67510\/revisions"}],"wp:featuredmedia":[{"embeddable":true,"href":"https:\/\/jugulajm.net\/index.php?rest_route=\/wp\/v2\/media\/64707"}],"wp:attachment":[{"href":"https:\/\/jugulajm.net\/index.php?rest_route=%2Fwp%2Fv2%2Fmedia&parent=67510"}],"wp:term":[{"taxonomy":"category","embeddable":true,"href":"https:\/\/jugulajm.net\/index.php?rest_route=%2Fwp%2Fv2%2Fcategories&post=67510"},{"taxonomy":"post_tag","embeddable":true,"href":"https:\/\/jugulajm.net\/index.php?rest_route=%2Fwp%2Fv2%2Ftags&post=67510"}],"curies":[{"name":"wp","href":"https:\/\/api.w.org\/{rel}","templated":true}]}}