{"id":67492,"date":"2023-11-08T21:54:09","date_gmt":"2023-11-08T20:54:09","guid":{"rendered":"https:\/\/jugulajm.net\/?p=67492"},"modified":"2023-11-08T21:54:09","modified_gmt":"2023-11-08T20:54:09","slug":"lajm-i-fundit-foto-aksident-ne-rrugen-kardhiq-delvine-automjeti-perplaset-me-trafikndaresen-plagoset-57-vjecari","status":"publish","type":"post","link":"https:\/\/jugulajm.net\/?p=67492","title":{"rendered":"LAJM I FUNDIT!! (FOTO) Aksident n\u00eb rrug\u00ebn Kardhiq-Delvin\u00eb, automjeti p\u00ebrplaset me trafikndar\u00ebsen, plagoset 57-vje\u00e7ari"},"content":{"rendered":"<p>Ka ndodhur nj\u00ea aksident n\u00eb aksin Kardhiq \u2013 Delvin\u00eb, n\u00eb af\u00ebrsi te tunelit.<\/p>\n<p>Makina tip \u201cFiat\u201d q\u00eb drejtohej nga E.P, duke qen\u00eb rruga e lagur nga shiu, ka dal\u00eb nga rruga dhe p\u00ebr pasoj\u00eb \u00ebsht\u00eb p\u00ebrplasur me trafikndar\u00ebset.<\/p>\n<p>Drejtuesja e mjetit kishte edhe baban\u00eb e vet,\u00a0 A. P. 57 vje\u00e7, i cili \u00ebshte plagosur dhe \u00ebsht\u00eb transportuar n\u00eb urgjenc\u00ebn e spitalit t\u00eb Sarand\u00ebs.<\/p>\n<p>Nga ekzaminimet n\u00eb spital p\u00ebr 57-vje\u00e7arin \u00ebsht\u00eb konstatuar se ka p\u00ebsuar fraktur\u00eb t\u00eb C6, pra fraktur\u00eb t\u00eb vertebr\u00ebs s\u00eb qaf\u00ebs.<\/p>\n<p>P\u00ebr rrjedhoj\u00eb \u00ebsht\u00eb nisur me ambulanc\u00eb drejt spitalit t\u00eb Traum\u00ebs n\u00eb Tiran\u00eb.<\/p>\n<p>Policia ndodhet n\u00eb vendngjarje dhe po heton lidhur me shkaqet e aksidentit.<\/p>\n","protected":false},"excerpt":{"rendered":"<p>Ka ndodhur nj\u00ea aksident n\u00eb aksin Kardhiq \u2013 Delvin\u00eb, n\u00eb af\u00ebrsi te tunelit. Makina tip \u201cFiat\u201d q\u00eb drejtohej nga E.P, duke qen\u00eb rruga e lagur nga shiu, ka dal\u00eb nga rruga dhe p\u00ebr pasoj\u00eb \u00ebsht\u00eb p\u00ebrplasur me trafikndar\u00ebset. Drejtuesja e mjetit kishte edhe baban\u00eb e vet,\u00a0 A. P. 57 vje\u00e7, i cili \u00ebshte plagosur dhe [&hellip;]<\/p>\n","protected":false},"author":5,"featured_media":67493,"comment_status":"closed","ping_status":"closed","sticky":false,"template":"","format":"standard","meta":{"footnotes":""},"categories":[1,6332],"tags":[27496,27495,27497],"class_list":{"0":"post-67492","1":"post","2":"type-post","3":"status-publish","4":"format-standard","5":"has-post-thumbnail","7":"category-aktualitet","8":"category-te-fundit","9":"tag-automjeti-perplaset-me-trafikndaresen","10":"tag-lajm-i-fundit-foto-aksident-ne-rrugen-kardhiq-delvine","11":"tag-plagoset-57-vjecari"},"_links":{"self":[{"href":"https:\/\/jugulajm.net\/index.php?rest_route=\/wp\/v2\/posts\/67492","targetHints":{"allow":["GET"]}}],"collection":[{"href":"https:\/\/jugulajm.net\/index.php?rest_route=\/wp\/v2\/posts"}],"about":[{"href":"https:\/\/jugulajm.net\/index.php?rest_route=\/wp\/v2\/types\/post"}],"author":[{"embeddable":true,"href":"https:\/\/jugulajm.net\/index.php?rest_route=\/wp\/v2\/users\/5"}],"replies":[{"embeddable":true,"href":"https:\/\/jugulajm.net\/index.php?rest_route=%2Fwp%2Fv2%2Fcomments&post=67492"}],"version-history":[{"count":0,"href":"https:\/\/jugulajm.net\/index.php?rest_route=\/wp\/v2\/posts\/67492\/revisions"}],"wp:featuredmedia":[{"embeddable":true,"href":"https:\/\/jugulajm.net\/index.php?rest_route=\/wp\/v2\/media\/67493"}],"wp:attachment":[{"href":"https:\/\/jugulajm.net\/index.php?rest_route=%2Fwp%2Fv2%2Fmedia&parent=67492"}],"wp:term":[{"taxonomy":"category","embeddable":true,"href":"https:\/\/jugulajm.net\/index.php?rest_route=%2Fwp%2Fv2%2Fcategories&post=67492"},{"taxonomy":"post_tag","embeddable":true,"href":"https:\/\/jugulajm.net\/index.php?rest_route=%2Fwp%2Fv2%2Ftags&post=67492"}],"curies":[{"name":"wp","href":"https:\/\/api.w.org\/{rel}","templated":true}]}}