{"id":67468,"date":"2023-11-08T15:17:37","date_gmt":"2023-11-08T14:17:37","guid":{"rendered":"https:\/\/jugulajm.net\/?p=67468"},"modified":"2023-11-08T15:17:37","modified_gmt":"2023-11-08T14:17:37","slug":"emri-procedohet-penalisht-pronari-i-kopshtit-ku-u-dhunua-3-vjecarja","status":"publish","type":"post","link":"https:\/\/jugulajm.net\/?p=67468","title":{"rendered":"EMRI\/ Procedohet penalisht pronari i kopshtit, ku u dhunua 3-vje\u00e7arja"},"content":{"rendered":"<p>Ka nisur procedimi penal ndaj pronarit t\u00eb kopshtit \u201c4 stin\u00ebt\u201d n\u00eb Tiran\u00eb, n\u00eb t\u00eb cilin ndodhi ngjarja e r\u00ebnd\u00eb e dhunimit t\u00eb f\u00ebmij\u00ebs 3 vje\u00e7 nga edukatorja.<\/p>\n<p>Procedimi ka nisur p\u00ebr Daniel Danushi, pasi ky kopsht rezultoi se ishte pa licenc\u00eb.<\/p>\n<p><strong>Njoftimi i policise:<\/strong><\/p>\n<p>Specialist\u00ebt e Seksionit p\u00ebr Hetimin e Krimeve Ekonomike dhe Financiare t\u00eb DVP Tiran\u00eb kan\u00eb referuar materialet n\u00eb Prokurorin\u00eb pran\u00eb Gjykat\u00ebs s\u00eb Shkall\u00ebs s\u00eb Par\u00eb t\u00eb Juridiksionit t\u00eb P\u00ebrgjithsh\u00ebm Tiran\u00eb, ku ka nisur procedimi penal p\u00ebr shtetasin Daniel Danushi, 45 vje\u00e7, banues n\u00eb Tiran\u00eb, p\u00ebr veprat penale \u201cUshtrimi pa licenc\u00eb i veprimtarive financiare\u201d, \u201cFshehja e t\u00eb ardhurave\u201d, dhe \u201cMospagimi i taksave dhe tatimeve\u201d.<\/p>\n<p>Ky shtetas ka ushtruar pa licenc\u00ebn p\u00ebrkat\u00ebse, veprimtarin\u00eb n\u00eb nj\u00eb kopsht f\u00ebmij\u00ebsh, n\u00eb rrug\u00ebn \u201cAli Demi\u201d, Tiran\u00eb, dhe ka fshehur t\u00eb ardhurat e p\u00ebrfituara nga ky aktivitet.<\/p>\n<p>Materialet procedurale i kaluan Prokuroris\u00eb pran\u00eb Gjykat\u00ebs s\u00eb Shkall\u00ebs s\u00eb Par\u00eb t\u00eb Juridiksionit t\u00eb P\u00ebrgjithsh\u00ebm Tiran\u00eb, p\u00ebr veprime t\u00eb m\u00ebtejshme.<\/p>\n","protected":false},"excerpt":{"rendered":"<p>Ka nisur procedimi penal ndaj pronarit t\u00eb kopshtit \u201c4 stin\u00ebt\u201d n\u00eb Tiran\u00eb, n\u00eb t\u00eb cilin ndodhi ngjarja e r\u00ebnd\u00eb e dhunimit t\u00eb f\u00ebmij\u00ebs 3 vje\u00e7 nga edukatorja. Procedimi ka nisur p\u00ebr Daniel Danushi, pasi ky kopsht rezultoi se ishte pa licenc\u00eb. Njoftimi i policise: Specialist\u00ebt e Seksionit p\u00ebr Hetimin e Krimeve Ekonomike dhe Financiare t\u00eb [&hellip;]<\/p>\n","protected":false},"author":5,"featured_media":67407,"comment_status":"closed","ping_status":"closed","sticky":false,"template":"","format":"standard","meta":{"footnotes":""},"categories":[1,6332],"tags":[27481,27482],"class_list":{"0":"post-67468","1":"post","2":"type-post","3":"status-publish","4":"format-standard","5":"has-post-thumbnail","7":"category-aktualitet","8":"category-te-fundit","9":"tag-emri-procedohet-penalisht-pronari-i-kopshtit","10":"tag-ku-u-dhunua-3-vjecarja"},"_links":{"self":[{"href":"https:\/\/jugulajm.net\/index.php?rest_route=\/wp\/v2\/posts\/67468","targetHints":{"allow":["GET"]}}],"collection":[{"href":"https:\/\/jugulajm.net\/index.php?rest_route=\/wp\/v2\/posts"}],"about":[{"href":"https:\/\/jugulajm.net\/index.php?rest_route=\/wp\/v2\/types\/post"}],"author":[{"embeddable":true,"href":"https:\/\/jugulajm.net\/index.php?rest_route=\/wp\/v2\/users\/5"}],"replies":[{"embeddable":true,"href":"https:\/\/jugulajm.net\/index.php?rest_route=%2Fwp%2Fv2%2Fcomments&post=67468"}],"version-history":[{"count":0,"href":"https:\/\/jugulajm.net\/index.php?rest_route=\/wp\/v2\/posts\/67468\/revisions"}],"wp:featuredmedia":[{"embeddable":true,"href":"https:\/\/jugulajm.net\/index.php?rest_route=\/wp\/v2\/media\/67407"}],"wp:attachment":[{"href":"https:\/\/jugulajm.net\/index.php?rest_route=%2Fwp%2Fv2%2Fmedia&parent=67468"}],"wp:term":[{"taxonomy":"category","embeddable":true,"href":"https:\/\/jugulajm.net\/index.php?rest_route=%2Fwp%2Fv2%2Fcategories&post=67468"},{"taxonomy":"post_tag","embeddable":true,"href":"https:\/\/jugulajm.net\/index.php?rest_route=%2Fwp%2Fv2%2Ftags&post=67468"}],"curies":[{"name":"wp","href":"https:\/\/api.w.org\/{rel}","templated":true}]}}