{"id":67458,"date":"2023-11-08T11:32:19","date_gmt":"2023-11-08T10:32:19","guid":{"rendered":"https:\/\/jugulajm.net\/?p=67458"},"modified":"2023-11-08T11:32:51","modified_gmt":"2023-11-08T10:32:51","slug":"deshmoi-per-2-ore-ne-spak-ja-cfare-deklaroi-meta","status":"publish","type":"post","link":"https:\/\/jugulajm.net\/?p=67458","title":{"rendered":"D\u00ebshmoi p\u00ebr 2 or\u00eb n\u00eb SPAK, ja \u00e7far\u00eb deklaroi Meta&#8230;"},"content":{"rendered":"<p>Kreu i Partis\u00eb s\u00eb Liris\u00eb, Ilir Meta, tha se nuk ekziston asnj\u00eb akt apo shkres\u00eb q\u00eb ai t\u00eb ket\u00eb n\u00ebnshkruar n\u00eb interes t\u00eb dikujt.<\/p>\n<p>Pas daljes nga SPAK, u d\u00ebshmoi p\u00ebr rreth 2 or\u00eb p\u00ebr \u00e7\u00ebshtjen CEZ-DIA, Meta tha se kjo \u00ebsht\u00eb \u00e7\u00ebshtje q\u00eb diktohet politikisht nga Rama.<\/p>\n<p>\u201cN\u00eb \u00e7do rast tjet\u00ebr nuk ekziston asnj\u00eb akt, shkres\u00eb, dokument, urdh\u00ebr p\u00ebr ligje dhe akte n\u00ebnligjore, nga Ilir Meta n\u00eb detyrat e tij si zv.kryeminist\u00ebr as minist\u00ebr i ekonomis\u00eb, p\u00ebrfshir\u00eb k\u00ebtu edhe DIA edh CEZ. Isha si nj\u00eb person q\u00eb ka dijeni p\u00ebr rrethana t\u00eb caktuara. U pyeta p\u00ebr detaje t\u00eb ndryshme t\u00eb cilat nuk kan\u00eb asnj\u00eb r\u00ebnd\u00ebsi.\u201d, tha ai.<\/p>\n<p>Mes t\u00eb tjerash Meta tha se; \u201cDua t\u00eb theksoj se asnj\u00eb akt, shkres\u00eb, dokument, nga ana e Ilir Met\u00ebs n\u00eb pozitat e tij, n\u00eb interes t\u00eb askujt. Kjo \u00ebsht\u00eb \u00e7\u00ebshtje q\u00eb diktohet politikisht nga Rama p\u00ebr t\u00eb shmangur v\u00ebmendjen e tij nga skandalet e p\u00ebrditshme dhe p\u00ebr t\u00eb spostuar v\u00ebmendjen n\u00eb thashetheme q\u00eb jan\u00eb t\u00eb 14 apo 15 vite m\u00eb par\u00eb.\u201d.<\/p>\n","protected":false},"excerpt":{"rendered":"<p>Kreu i Partis\u00eb s\u00eb Liris\u00eb, Ilir Meta, tha se nuk ekziston asnj\u00eb akt apo shkres\u00eb q\u00eb ai t\u00eb ket\u00eb n\u00ebnshkruar n\u00eb interes t\u00eb dikujt. Pas daljes nga SPAK, u d\u00ebshmoi p\u00ebr rreth 2 or\u00eb p\u00ebr \u00e7\u00ebshtjen CEZ-DIA, Meta tha se kjo \u00ebsht\u00eb \u00e7\u00ebshtje q\u00eb diktohet politikisht nga Rama. \u201cN\u00eb \u00e7do rast tjet\u00ebr nuk ekziston asnj\u00eb [&hellip;]<\/p>\n","protected":false},"author":5,"featured_media":67459,"comment_status":"closed","ping_status":"closed","sticky":false,"template":"","format":"standard","meta":{"footnotes":""},"categories":[1,6326,6332],"tags":[27474,27475],"class_list":{"0":"post-67458","1":"post","2":"type-post","3":"status-publish","4":"format-standard","5":"has-post-thumbnail","7":"category-aktualitet","8":"category-politike","9":"category-te-fundit","10":"tag-deshmoi-per-2-ore-ne-spak","11":"tag-ja-cfare-deklaroi-meta"},"_links":{"self":[{"href":"https:\/\/jugulajm.net\/index.php?rest_route=\/wp\/v2\/posts\/67458","targetHints":{"allow":["GET"]}}],"collection":[{"href":"https:\/\/jugulajm.net\/index.php?rest_route=\/wp\/v2\/posts"}],"about":[{"href":"https:\/\/jugulajm.net\/index.php?rest_route=\/wp\/v2\/types\/post"}],"author":[{"embeddable":true,"href":"https:\/\/jugulajm.net\/index.php?rest_route=\/wp\/v2\/users\/5"}],"replies":[{"embeddable":true,"href":"https:\/\/jugulajm.net\/index.php?rest_route=%2Fwp%2Fv2%2Fcomments&post=67458"}],"version-history":[{"count":0,"href":"https:\/\/jugulajm.net\/index.php?rest_route=\/wp\/v2\/posts\/67458\/revisions"}],"wp:featuredmedia":[{"embeddable":true,"href":"https:\/\/jugulajm.net\/index.php?rest_route=\/wp\/v2\/media\/67459"}],"wp:attachment":[{"href":"https:\/\/jugulajm.net\/index.php?rest_route=%2Fwp%2Fv2%2Fmedia&parent=67458"}],"wp:term":[{"taxonomy":"category","embeddable":true,"href":"https:\/\/jugulajm.net\/index.php?rest_route=%2Fwp%2Fv2%2Fcategories&post=67458"},{"taxonomy":"post_tag","embeddable":true,"href":"https:\/\/jugulajm.net\/index.php?rest_route=%2Fwp%2Fv2%2Ftags&post=67458"}],"curies":[{"name":"wp","href":"https:\/\/api.w.org\/{rel}","templated":true}]}}