{"id":67456,"date":"2023-11-08T09:41:41","date_gmt":"2023-11-08T08:41:41","guid":{"rendered":"https:\/\/jugulajm.net\/?p=67456"},"modified":"2023-11-08T09:41:41","modified_gmt":"2023-11-08T08:41:41","slug":"ish-presidenti-meta-paraqitet-ne-spak-ja-arsyeja","status":"publish","type":"post","link":"https:\/\/jugulajm.net\/?p=67456","title":{"rendered":"Ish-presidenti Meta paraqitet n\u00eb SPAK, ja arsyeja&#8230;"},"content":{"rendered":"<p>Kryetari i Partis\u00eb s\u00eb Liris\u00eb, Ilir Meta \u00ebsht\u00eb paraqitur sot n\u00eb dyert e Prokuroris\u00eb s\u00eb Posa\u00e7me kund\u00ebr Korrupsionit dhe Krimit t\u00eb Organizuar.<\/p>\n<p>I pyetur nga gazetar\u00ebt se p\u00ebr \u00e7far\u00eb \u00ebsht\u00eb thirrur nga SPAK, Meta tha shkurtimisht se \u00ebsht\u00eb thirrur p\u00ebr nj\u00eb \u2018telenovel\u00eb q\u00eb \u00ebsht\u00eb gjykuar nja dy her\u00eb\u2019<\/p>\n<p>\u201c<em>P\u00ebr telenovel\u00ebn\u2026 meqen\u00ebse jeni lajm\u00ebruar her\u00ebt edhe po p\u00ebrballoni reshjet e shiut. \u00cbsht\u00eb nj\u00eb telenovel\u00eb q\u00eb \u00ebsht\u00eb gjykuar nja dy her\u00eb. \u00cbsht\u00eb rihapur p\u00ebr rastin konkret n\u00eb dhjetor t\u00eb viti 2019 nga nj\u00eb kall\u00ebzues i rrem\u00eb i cili \u00ebsht\u00eb d\u00ebnuar dy her\u00eb p\u00ebr shpifje dhe \u00ebsht\u00eb d\u00ebnuar edhe nj\u00ebher\u00eb nga gjykata p\u00ebr dhun\u00eb n\u00eb familje. Faleminderit<\/em>\u201d- tha Meta.<\/p>\n","protected":false},"excerpt":{"rendered":"<p>Kryetari i Partis\u00eb s\u00eb Liris\u00eb, Ilir Meta \u00ebsht\u00eb paraqitur sot n\u00eb dyert e Prokuroris\u00eb s\u00eb Posa\u00e7me kund\u00ebr Korrupsionit dhe Krimit t\u00eb Organizuar. I pyetur nga gazetar\u00ebt se p\u00ebr \u00e7far\u00eb \u00ebsht\u00eb thirrur nga SPAK, Meta tha shkurtimisht se \u00ebsht\u00eb thirrur p\u00ebr nj\u00eb \u2018telenovel\u00eb q\u00eb \u00ebsht\u00eb gjykuar nja dy her\u00eb\u2019 \u201cP\u00ebr telenovel\u00ebn\u2026 meqen\u00ebse jeni lajm\u00ebruar her\u00ebt edhe [&hellip;]<\/p>\n","protected":false},"author":5,"featured_media":48751,"comment_status":"closed","ping_status":"closed","sticky":false,"template":"","format":"standard","meta":{"footnotes":""},"categories":[1,6326,6332],"tags":[27473,20856],"class_list":{"0":"post-67456","1":"post","2":"type-post","3":"status-publish","4":"format-standard","5":"has-post-thumbnail","7":"category-aktualitet","8":"category-politike","9":"category-te-fundit","10":"tag-ish-presidenti-meta-paraqitet-ne-spak","11":"tag-ja-arsyeja"},"_links":{"self":[{"href":"https:\/\/jugulajm.net\/index.php?rest_route=\/wp\/v2\/posts\/67456","targetHints":{"allow":["GET"]}}],"collection":[{"href":"https:\/\/jugulajm.net\/index.php?rest_route=\/wp\/v2\/posts"}],"about":[{"href":"https:\/\/jugulajm.net\/index.php?rest_route=\/wp\/v2\/types\/post"}],"author":[{"embeddable":true,"href":"https:\/\/jugulajm.net\/index.php?rest_route=\/wp\/v2\/users\/5"}],"replies":[{"embeddable":true,"href":"https:\/\/jugulajm.net\/index.php?rest_route=%2Fwp%2Fv2%2Fcomments&post=67456"}],"version-history":[{"count":0,"href":"https:\/\/jugulajm.net\/index.php?rest_route=\/wp\/v2\/posts\/67456\/revisions"}],"wp:featuredmedia":[{"embeddable":true,"href":"https:\/\/jugulajm.net\/index.php?rest_route=\/wp\/v2\/media\/48751"}],"wp:attachment":[{"href":"https:\/\/jugulajm.net\/index.php?rest_route=%2Fwp%2Fv2%2Fmedia&parent=67456"}],"wp:term":[{"taxonomy":"category","embeddable":true,"href":"https:\/\/jugulajm.net\/index.php?rest_route=%2Fwp%2Fv2%2Fcategories&post=67456"},{"taxonomy":"post_tag","embeddable":true,"href":"https:\/\/jugulajm.net\/index.php?rest_route=%2Fwp%2Fv2%2Ftags&post=67456"}],"curies":[{"name":"wp","href":"https:\/\/api.w.org\/{rel}","templated":true}]}}