{"id":67450,"date":"2023-11-08T09:10:49","date_gmt":"2023-11-08T08:10:49","guid":{"rendered":"https:\/\/jugulajm.net\/?p=67450"},"modified":"2023-11-08T09:10:49","modified_gmt":"2023-11-08T08:10:49","slug":"amnesty-international-marreveshja-itali-shqiperi-eshte-e-paligjshme-duhet-te-anulohet","status":"publish","type":"post","link":"https:\/\/jugulajm.net\/?p=67450","title":{"rendered":"\u2018Amnesty International\u2019: Marr\u00ebveshja Itali-Shqip\u00ebri \u00ebsht\u00eb e paligjshme, duhet t\u00eb anulohet"},"content":{"rendered":"<p>Amnesty International shprehet se marr\u00ebveshja mes Edi Ram\u00ebs dhe kryeministres italiane, Giordia Meloni \u00ebsht\u00eb e paligjshme dhe e parealizueshme.<\/p>\n<p>Me nj\u00eb reagim n\u00eb faqen zyrtare t\u00eb Amnesty International, thuhet se:<\/p>\n<p>Njer\u00ebzit e shp\u00ebtuar n\u00eb det nga autoritetet italiane, p\u00ebrfshir\u00eb ata q\u00eb k\u00ebrkojn\u00eb strehim n\u00eb Evrop\u00eb, jan\u00eb n\u00ebn juridiksionin italian dhe nuk mund t\u00eb transferohen n\u00eb nj\u00eb shtet tjet\u00ebr p\u00ebrpara se t\u00eb shqyrtohet k\u00ebrkesa e tyre p\u00ebr azil dhe situata individuale.<\/p>\n<p><strong>Reagimi i plot\u00eb i Amnesty International:<\/strong><\/p>\n<p>Duke komentuar deklarat\u00ebn e dat\u00ebs 6 n\u00ebntor n\u00eb lidhje me marr\u00ebveshjen e n\u00ebnshkruar nga kryeministrat e Italis\u00eb dhe Shqip\u00ebris\u00eb, n\u00eb lidhje me nd\u00ebrtimin e dy qendrave p\u00ebr ndalimin e personave t\u00eb shp\u00ebtuar n\u00eb det nga anijet italiane, p\u00ebrfshir\u00eb personat q\u00eb k\u00ebrkojn\u00eb siguri, Elisa de Pieri, studiuese e Amnesty International p\u00ebr Evrop\u00ebn, tha:<\/p>\n<p>\u2018Njer\u00ebzit e shp\u00ebtuar n\u00eb det nga autoritetet italiane, p\u00ebrfshir\u00eb ata q\u00eb k\u00ebrkojn\u00eb strehim n\u00eb Evrop\u00eb, jan\u00eb n\u00ebn juridiksionin italian dhe nuk mund t\u00eb transferohen n\u00eb nj\u00eb shtet tjet\u00ebr p\u00ebrpara se t\u00eb shqyrtohet k\u00ebrkesa e tyre p\u00ebr azil dhe situata individuale. \u00cbsht\u00eb shum\u00eb e thjesht\u00eb. Kjo \u00ebsht\u00eb nj\u00eb marr\u00ebveshje p\u00ebr shtyrjen, nj\u00eb praktik\u00eb e ndaluar nga standardet evropiane dhe nd\u00ebrkomb\u00ebtare dhe p\u00ebr t\u00eb cil\u00ebn Italia tashm\u00eb \u00ebsht\u00eb d\u00ebnuar nga Gjykata Evropiane e t\u00eb Drejtave t\u00eb Njeriut.<\/p>\n<p>Kjo marr\u00ebveshje \u00ebsht\u00eb e paligjshme, e pafuqishme dhe duhet t\u00eb anulohet.<\/p>\n<p>Italia pretendon se personat e d\u00ebrguar n\u00eb Shqip\u00ebri do t\u00eb mbeten n\u00ebn juridiksionin italian, por realiteti \u00ebsht\u00eb se marr\u00ebveshja do t\u00eb p\u00ebrdoret p\u00ebr t\u00eb anashkaluar rregullat italiane, evropiane dhe nd\u00ebrkomb\u00ebtare me pasoja potencialisht shkat\u00ebrruese p\u00ebr njer\u00ebzit q\u00eb k\u00ebrkojn\u00eb azil, t\u00eb cil\u00ebt mund t&#8217;i n\u00ebnshtrohen ndalimit automatik dhe t\u00eb zgjatur, dhe shkelje t\u00eb tjera t\u00eb t\u00eb drejtave t\u00eb njeriut, jasht\u00eb kontrollit t\u00eb autoriteteve gjyq\u00ebsore italiane. Komisioni Evropian tashm\u00eb e ka b\u00ebr\u00eb t\u00eb qart\u00eb se rregullat evropiane t\u00eb azilit nuk mund t\u00eb zbatohen jasht\u00eb Bashkimit Evropian.<\/p>\n<p>Edhe pse detajet e marr\u00ebveshjes nuk dihen ende, tashm\u00eb po shfaqen nj\u00eb s\u00ebr\u00eb shqet\u00ebsimesh. Amnesty International i b\u00ebn thirrje qeveris\u00eb italiane t\u00eb respektoj\u00eb detyrimet e saj sipas ligjit nd\u00ebrkomb\u00ebtar n\u00eb lidhje me moskthimin dhe garantimin e azilit dhe i b\u00ebn thirrje Komisionit Evropian t\u00eb siguroj\u00eb q\u00eb shtetet an\u00ebtare t\u00eb mos shkelin t\u00eb gjitha rregullat p\u00ebr mbrojtjen nd\u00ebrkomb\u00ebtare\u2019.<\/p>\n<p>Duke iu referuar praktik\u00ebs s\u00eb d\u00ebrgimit t\u00eb refugjat\u00ebve ose azilk\u00ebrkuesve n\u00eb vendet e tyre, ose n\u00eb t\u00eb tjer\u00ebt, ku ata mund t\u00eb vuajn\u00eb nga keqtrajtimi.<\/p>\n<p>Mbrojtja kund\u00ebr rikthimit \u00ebsht\u00eb nj\u00eb e drejt\u00eb themelore e refugjat\u00ebve dhe azilk\u00ebrkuesve.<\/p>\n<p>Mos-kthimi \u00ebsht\u00eb nj\u00eb parim themelor i s\u00eb drejt\u00ebs nd\u00ebrkomb\u00ebtare p\u00ebr refugjat\u00ebt dhe, si pjes\u00eb e s\u00eb drejt\u00ebs nd\u00ebrkomb\u00ebtare zakonore, \u00ebsht\u00eb i detyruesh\u00ebm p\u00ebr t\u00eb gjitha shtetet. Parimi i mos-kthimit parashikohet edhe n\u00eb legjislacionin evropian dhe n\u00eb nenet 18 dhe 19 t\u00eb Kart\u00ebs s\u00eb t\u00eb Drejtave Themelore t\u00eb Bashkimit Evropian.<\/p>\n<p>N\u00eb vitin 2018, Komisioni Evropian b\u00ebri t\u00eb qart\u00eb se zbatimi ekstraterritorial i rregullave t\u00eb Bashkimit Evropian aktualisht nuk \u00ebsht\u00eb i mundur.<\/p>\n<p>Italia tashm\u00eb \u00ebsht\u00eb d\u00ebnuar p\u00ebr shkelje t\u00eb parimit t\u00eb moskthimit nga Gjykata Evropiane e t\u00eb Drejtave t\u00eb Njeriut n\u00eb vitin 2012 n\u00eb \u00e7\u00ebshtjen Hirsi Jamaa kund\u00ebr t\u00eb tjer\u00ebve.<\/p>\n","protected":false},"excerpt":{"rendered":"<p>Amnesty International shprehet se marr\u00ebveshja mes Edi Ram\u00ebs dhe kryeministres italiane, Giordia Meloni \u00ebsht\u00eb e paligjshme dhe e parealizueshme. Me nj\u00eb reagim n\u00eb faqen zyrtare t\u00eb Amnesty International, thuhet se: Njer\u00ebzit e shp\u00ebtuar n\u00eb det nga autoritetet italiane, p\u00ebrfshir\u00eb ata q\u00eb k\u00ebrkojn\u00eb strehim n\u00eb Evrop\u00eb, jan\u00eb n\u00ebn juridiksionin italian dhe nuk mund t\u00eb transferohen n\u00eb [&hellip;]<\/p>\n","protected":false},"author":5,"featured_media":67393,"comment_status":"closed","ping_status":"closed","sticky":false,"template":"","format":"standard","meta":{"footnotes":""},"categories":[1,6332],"tags":[27470,27471],"class_list":{"0":"post-67450","1":"post","2":"type-post","3":"status-publish","4":"format-standard","5":"has-post-thumbnail","7":"category-aktualitet","8":"category-te-fundit","9":"tag-amnesty-international-marreveshja-itali-shqiperi-eshte-e-paligjshme","10":"tag-duhet-te-anulohet"},"_links":{"self":[{"href":"https:\/\/jugulajm.net\/index.php?rest_route=\/wp\/v2\/posts\/67450","targetHints":{"allow":["GET"]}}],"collection":[{"href":"https:\/\/jugulajm.net\/index.php?rest_route=\/wp\/v2\/posts"}],"about":[{"href":"https:\/\/jugulajm.net\/index.php?rest_route=\/wp\/v2\/types\/post"}],"author":[{"embeddable":true,"href":"https:\/\/jugulajm.net\/index.php?rest_route=\/wp\/v2\/users\/5"}],"replies":[{"embeddable":true,"href":"https:\/\/jugulajm.net\/index.php?rest_route=%2Fwp%2Fv2%2Fcomments&post=67450"}],"version-history":[{"count":0,"href":"https:\/\/jugulajm.net\/index.php?rest_route=\/wp\/v2\/posts\/67450\/revisions"}],"wp:featuredmedia":[{"embeddable":true,"href":"https:\/\/jugulajm.net\/index.php?rest_route=\/wp\/v2\/media\/67393"}],"wp:attachment":[{"href":"https:\/\/jugulajm.net\/index.php?rest_route=%2Fwp%2Fv2%2Fmedia&parent=67450"}],"wp:term":[{"taxonomy":"category","embeddable":true,"href":"https:\/\/jugulajm.net\/index.php?rest_route=%2Fwp%2Fv2%2Fcategories&post=67450"},{"taxonomy":"post_tag","embeddable":true,"href":"https:\/\/jugulajm.net\/index.php?rest_route=%2Fwp%2Fv2%2Ftags&post=67450"}],"curies":[{"name":"wp","href":"https:\/\/api.w.org\/{rel}","templated":true}]}}