{"id":67443,"date":"2023-11-07T21:22:58","date_gmt":"2023-11-07T20:22:58","guid":{"rendered":"https:\/\/jugulajm.net\/?p=67443"},"modified":"2023-11-07T21:22:58","modified_gmt":"2023-11-07T20:22:58","slug":"video-sigurohen-te-tjera-pamje-filmike-nga-kopshti-privat-3-vjecarja-renkon-nga-dhimbjet","status":"publish","type":"post","link":"https:\/\/jugulajm.net\/?p=67443","title":{"rendered":"VIDEO\/ Sigurohen t\u00eb tjera pamje filmike nga kopshti privat, 3-vje\u00e7arja r\u00ebnkon nga dhimbjet"},"content":{"rendered":"<p><iframe loading=\"lazy\" class=\"entered litespeed-loaded\" title=\"YouTube video player\" src=\"https:\/\/www.youtube.com\/embed\/IXBzFHtXn5U?si=bxA2nJ7rPaWnddfi\" width=\"560\" height=\"315\" frameborder=\"0\" allowfullscreen=\"allowfullscreen\" data-lazyloaded=\"1\" data-src=\"https:\/\/www.youtube.com\/embed\/IXBzFHtXn5U?si=bxA2nJ7rPaWnddfi\" data-ll-status=\"loaded\" data-mce-fragment=\"1\"><\/iframe><\/p>\n<p>Emisioni \u201cStop\u201d ka siguruar sot nj\u00eb tjet\u00ebr material filmik, ku n\u00eb fakt mungojn\u00eb 3 or\u00eb. Gjat\u00eb dit\u00ebs, edukatorja q\u00eb q\u00ebllonte vajz\u00ebn 3-vje\u00e7are \u00ebsht\u00eb shoq\u00ebruar n\u00eb polici.<\/p>\n<p><strong>Saimir Kodra:<\/strong>\u00a0<em>Dua t\u00eb kem nj\u00eb duartrokitje t\u00eb madhe p\u00ebr Ministrin e Brendsh\u00ebm, Taulant Ball\u00ebn p\u00ebr qasjen e tij personale n\u00eb k\u00ebt\u00eb \u00e7\u00ebshtje.<\/em><\/p>\n<p><strong>Saimir Kodra:<\/strong>\u00a0<em>Mund t\u00eb ket\u00eb ndodhur q\u00eb k\u00ebmba e f\u00ebmij\u00ebs nuk \u00ebsht\u00eb thyer nga nj\u00eb dhun\u00eb fizike. Mungon ajo hap\u00ebsira filmike.<\/em><\/p>\n<p><strong>Gentian Zenelaj:<\/strong>\u00a0<em>Jan\u00eb 3 or\u00eb q\u00eb mungojn\u00eb n\u00eb k\u00ebt\u00eb pamje.<\/em><\/p>\n<p><strong>Saimir Kodra:<\/strong>\u00a0<em>Ndiqeni pak f\u00ebmij\u00ebn q\u00eb qan. A mund t\u00eb ndodh\u00eb f\u00ebmija n\u00eb gjum\u00eb t\u00eb thyej\u00eb k\u00ebmb\u00ebn e tij?<\/em><\/p>\n<p><strong>Gentian Zenelaj:<\/strong>\u00a0<em>Jo, nuk e besoj vet\u00ebm po ra ndonj\u00eb suva nga lart.<\/em><\/p>\n<p><strong>Saimir Kodra:<\/strong>\u00a0<em>Un\u00eb nuk jam ortoped, por them q\u00eb n\u00eb gjum\u00eb nuk e thyen dot k\u00ebmb\u00ebn nj\u00eb f\u00ebmij\u00eb apo kushdo qoft\u00eb sepse trupi dhemb, dhe zgjohesh, reagon. Vet\u00ebm n\u00ebse i ka kaluar shenjtani sip\u00ebr\u2026<\/em><\/p>\n<p><strong>ORA 12:19 \u2013 F\u00ebmij\u00ebt p\u00ebrgatiten p\u00ebr t\u00eb fjetur<\/strong><\/p>\n<figure class=\"wp-block-image size-large\"><img loading=\"lazy\" loading=\"lazy\" decoding=\"async\" class=\"wp-image-999999846092\" src=\"https:\/\/tvklan.al\/wp-content\/uploads\/2023\/11\/femijet-ergatiten-per-te-fjetur-1024x591.jpg\" sizes=\"auto, (max-width: 1024px) 100vw, 1024px\" srcset=\"https:\/\/tvklan.al\/wp-content\/uploads\/2023\/11\/femijet-ergatiten-per-te-fjetur-1024x591.jpg 1024w, https:\/\/tvklan.al\/wp-content\/uploads\/2023\/11\/femijet-ergatiten-per-te-fjetur-300x173.jpg 300w, https:\/\/tvklan.al\/wp-content\/uploads\/2023\/11\/femijet-ergatiten-per-te-fjetur-768x443.jpg 768w, https:\/\/tvklan.al\/wp-content\/uploads\/2023\/11\/femijet-ergatiten-per-te-fjetur.jpg 1359w\" alt=\"\" width=\"1024\" height=\"591\" \/><\/figure>\n<p><strong>ORA 12:21 \u2013 Vajza vendoset p\u00ebr t\u00eb fjetur<\/strong><\/p>\n<figure class=\"wp-block-image size-large\"><img loading=\"lazy\" loading=\"lazy\" decoding=\"async\" class=\"wp-image-999999846097\" src=\"https:\/\/tvklan.al\/wp-content\/uploads\/2023\/11\/vajza-vendoet-per-te-fjetur-1-1024x567.jpg\" sizes=\"auto, (max-width: 1024px) 100vw, 1024px\" srcset=\"https:\/\/tvklan.al\/wp-content\/uploads\/2023\/11\/vajza-vendoet-per-te-fjetur-1-1024x567.jpg 1024w, https:\/\/tvklan.al\/wp-content\/uploads\/2023\/11\/vajza-vendoet-per-te-fjetur-1-300x166.jpg 300w, https:\/\/tvklan.al\/wp-content\/uploads\/2023\/11\/vajza-vendoet-per-te-fjetur-1-360x200.jpg 360w, https:\/\/tvklan.al\/wp-content\/uploads\/2023\/11\/vajza-vendoet-per-te-fjetur-1-768x425.jpg 768w, https:\/\/tvklan.al\/wp-content\/uploads\/2023\/11\/vajza-vendoet-per-te-fjetur-1.jpg 1382w\" alt=\"\" width=\"1024\" height=\"567\" \/><\/figure>\n<p><strong>ORA 15:04 \u2013 Vajza qan nga dhimbjet<\/strong><\/p>\n<figure class=\"wp-block-image size-large\"><img loading=\"lazy\" loading=\"lazy\" decoding=\"async\" class=\"wp-image-999999846094\" src=\"https:\/\/tvklan.al\/wp-content\/uploads\/2023\/11\/vajza-qan-nga-dhimbjet-1024x609.jpg\" sizes=\"auto, (max-width: 1024px) 100vw, 1024px\" srcset=\"https:\/\/tvklan.al\/wp-content\/uploads\/2023\/11\/vajza-qan-nga-dhimbjet-1024x609.jpg 1024w, https:\/\/tvklan.al\/wp-content\/uploads\/2023\/11\/vajza-qan-nga-dhimbjet-300x178.jpg 300w, https:\/\/tvklan.al\/wp-content\/uploads\/2023\/11\/vajza-qan-nga-dhimbjet-768x456.jpg 768w, https:\/\/tvklan.al\/wp-content\/uploads\/2023\/11\/vajza-qan-nga-dhimbjet.jpg 1336w\" alt=\"\" width=\"1024\" height=\"609\" \/><\/figure>\n<p><strong>Saimir Kodra:<\/strong>\u00a0<em>Pra, f\u00ebmija r\u00ebnkon dhe qan. K\u00ebto pamje jua dhash\u00eb sot, jo p\u00ebr t\u00eb ju r\u00ebnduar gjendjen tuaj emocionale, por sepse p\u00ebr shkak t\u00eb politikave t\u00eb Youtube, kur t\u00eb hidhen materialet nuk do t\u00eb keni mund\u00ebsi q\u00eb t\u2019i d\u00ebgjoni dhe nuk do e kuptoni dot se \u00e7far\u00eb ka ndodhur.<\/em><\/p>\n<p><strong>Gentian Zenelaj:<\/strong>\u00a0<em>E trisht\u00eb t\u00eb d\u00ebgjosh nj\u00eb f\u00ebmij\u00eb q\u00eb qan.<\/em><\/p>\n<p><strong>Saimir Kodra<\/strong>:\u00a0<em>Ajo nuk qan, por r\u00ebnkon sepse ka dhimbje. Por \u00e7far\u00eb ndodhi? Ne nuk e dim\u00eb sepse mungon orari.<\/em><\/p>\n<p>Lidhur me ngjarjen e r\u00ebnd\u00eb, ka pasur sot shum\u00eb reagime. \u201dStop\u201d m\u00ebsoi se n\u00eb prokurori nuk ishte depozituar asnj\u00eb material, gj\u00eb q\u00eb i kushtoi pezullimin shefit t\u00eb Krimeve t\u00eb Komisariatit Num\u00ebr 1, Ylli \u00c7ako.<\/p>\n<p><strong>Saimir Kodra:\u00a0<\/strong><em>Dje, u mor\u00ebm me nj\u00eb moment tjet\u00ebr t\u00eb r\u00ebnd\u00ebsish\u00ebm, me Policin\u00eb e Shtetit. Shefin e Krimeve, Ylli \u00c7akon, e takuam me kamera t\u00eb fsheht\u00eb dhe tha se materialet i kan\u00eb kaluar prokuroris\u00eb, rrini t\u00eb qet\u00eb. M\u00eb paftyr\u00ebsin\u00eb m\u00eb t\u00eb madhe na ka g\u00ebnjyer mbr\u00ebm\u00eb ky ish-Shefi i Krimeve. Donte q\u00eb ta fshihte t\u00eb gjith\u00eb historin\u00eb. Ky Ylli \u00c7ako duhet t\u00eb b\u00ebnte ndalimin n\u00eb flagranc\u00eb. Duartrokitje p\u00ebr ministrin e Brendsh\u00ebm q\u00eb k\u00ebt\u00eb tipin e pezulloi nga puna sepse nuk mund ta shkarkosh dot dhe do t\u00eb hetoj\u00eb t\u00eb gjith\u00eb veprimtarin\u00eb e tij dhe s\u00eb shpejti, ai le t\u00eb gjej\u00eb ndonj\u00eb pun\u00eb tjet\u00ebr.<\/em><\/p>\n<p>Regjistrimi i \u00e7\u00ebshtjes u b\u00eb vet\u00ebm sot. Ministria e Arsimit dhe Sportit i ka k\u00ebrkuar Policis\u00eb s\u00eb Shtetit dhe Policis\u00eb Bashkiake mbylljen e menj\u00ebhershme t\u00eb kopshtit, i cili pas verifikimeve rezultoi n\u00eb paligjshm\u00ebri dhe i palicensuar.<\/p>\n<p>Nisur nga skandali i transmetuar n\u00eb emisionin \u201cStop\u201d, Ministria ka ngritur nj\u00eb Task-Forc\u00eb me Policin\u00eb e Shtetit, Policin\u00eb Bashkiake, dhe Inspektoriatet p\u00ebr kontrollin e plot\u00eb n\u00eb territor t\u00eb subjekteve q\u00eb ushtrojn\u00eb veprimtarin\u00eb n\u00eb sh\u00ebrbimet parashkollore p\u00ebr f\u00ebmij\u00eb.<\/p>\n<p>Edhe institucioni i Avokatit t\u00eb Popullit reagoi p\u00ebr ngjarjen makabre ndaj 3-vje\u00e7ares n\u00eb kopshtin privat \u201cStin\u00ebt\u201d. Me urdh\u00ebr t\u00eb Avokates s\u00eb Popullit, Erinda Ballanca, \u00ebsht\u00eb ngritur nj\u00eb grup hetimor me punonj\u00ebs social\u00eb e jurist\u00eb, p\u00ebr hetimin administrativ t\u00eb rastit dhe p\u00ebr t\u00eb monitoruar t\u00eb gjitha veprimet e mosveprimet e institucioneve p\u00ebrgjegj\u00ebse shtet\u00ebrore.<\/p>\n<p>N\u00eb ambientet e kopshtit \u201cStin\u00ebt\u201d ishin sot edhe p\u00ebrfaq\u00ebsues t\u00eb bashkis\u00eb.<\/p>\n<p><em>\u201cSapo kam marr\u00eb kontaktet e para me familjar\u00ebt, por jo me prind\u00ebrit e f\u00ebmij\u00ebs. U informova nga inspektori i zon\u00ebs q\u00eb veprimet n\u00eb polici jan\u00eb kryer, inspektori i zon\u00ebs m\u00eb ka njoftuar se kan\u00eb shkuar n\u00eb polici disa prej edukatoreve, drejtoresha. Po b\u00ebjn\u00eb ato veprimet e tyre.\u201d<\/em><\/p>\n<p>N\u00eb or\u00ebt e pasdites, prind\u00ebr e aktivist\u00eb protestuan p\u00ebr ngjarjen e r\u00ebnd\u00eb, t\u00eb publikuar n\u00eb \u201cStop\u201d.<\/p>\n","protected":false},"excerpt":{"rendered":"<p>Emisioni \u201cStop\u201d ka siguruar sot nj\u00eb tjet\u00ebr material filmik, ku n\u00eb fakt mungojn\u00eb 3 or\u00eb. Gjat\u00eb dit\u00ebs, edukatorja q\u00eb q\u00ebllonte vajz\u00ebn 3-vje\u00e7are \u00ebsht\u00eb shoq\u00ebruar n\u00eb polici. Saimir Kodra:\u00a0Dua t\u00eb kem nj\u00eb duartrokitje t\u00eb madhe p\u00ebr Ministrin e Brendsh\u00ebm, Taulant Ball\u00ebn p\u00ebr qasjen e tij personale n\u00eb k\u00ebt\u00eb \u00e7\u00ebshtje. Saimir Kodra:\u00a0Mund t\u00eb ket\u00eb ndodhur q\u00eb k\u00ebmba [&hellip;]<\/p>\n","protected":false},"author":5,"featured_media":67444,"comment_status":"closed","ping_status":"closed","sticky":false,"template":"","format":"standard","meta":{"footnotes":""},"categories":[1,6332],"tags":[27468,27467],"class_list":{"0":"post-67443","1":"post","2":"type-post","3":"status-publish","4":"format-standard","5":"has-post-thumbnail","7":"category-aktualitet","8":"category-te-fundit","9":"tag-3-vjecarja-renkon-nga-dhimbjet","10":"tag-video-sigurohen-te-tjera-pamje-filmike-nga-kopshti-privat"},"_links":{"self":[{"href":"https:\/\/jugulajm.net\/index.php?rest_route=\/wp\/v2\/posts\/67443","targetHints":{"allow":["GET"]}}],"collection":[{"href":"https:\/\/jugulajm.net\/index.php?rest_route=\/wp\/v2\/posts"}],"about":[{"href":"https:\/\/jugulajm.net\/index.php?rest_route=\/wp\/v2\/types\/post"}],"author":[{"embeddable":true,"href":"https:\/\/jugulajm.net\/index.php?rest_route=\/wp\/v2\/users\/5"}],"replies":[{"embeddable":true,"href":"https:\/\/jugulajm.net\/index.php?rest_route=%2Fwp%2Fv2%2Fcomments&post=67443"}],"version-history":[{"count":0,"href":"https:\/\/jugulajm.net\/index.php?rest_route=\/wp\/v2\/posts\/67443\/revisions"}],"wp:featuredmedia":[{"embeddable":true,"href":"https:\/\/jugulajm.net\/index.php?rest_route=\/wp\/v2\/media\/67444"}],"wp:attachment":[{"href":"https:\/\/jugulajm.net\/index.php?rest_route=%2Fwp%2Fv2%2Fmedia&parent=67443"}],"wp:term":[{"taxonomy":"category","embeddable":true,"href":"https:\/\/jugulajm.net\/index.php?rest_route=%2Fwp%2Fv2%2Fcategories&post=67443"},{"taxonomy":"post_tag","embeddable":true,"href":"https:\/\/jugulajm.net\/index.php?rest_route=%2Fwp%2Fv2%2Ftags&post=67443"}],"curies":[{"name":"wp","href":"https:\/\/api.w.org\/{rel}","templated":true}]}}