{"id":67428,"date":"2023-11-07T14:35:06","date_gmt":"2023-11-07T13:35:06","guid":{"rendered":"https:\/\/jugulajm.net\/?p=67428"},"modified":"2023-11-07T14:35:06","modified_gmt":"2023-11-07T13:35:06","slug":"shoqerohet-ne-polici-edukatorja-qe-dhunoi-3-vjecaren-ne-kopshtin-privat","status":"publish","type":"post","link":"https:\/\/jugulajm.net\/?p=67428","title":{"rendered":"Shoq\u00ebrohet n\u00eb polici edukatorja q\u00eb dhunoi 3-vje\u00e7aren n\u00eb kopshtin privat"},"content":{"rendered":"<p>\u00cbsht\u00eb shoq\u00ebruar n\u00eb komisariat edukatorja Majlinda Dehima, e cila dhunoi barbarisht 3-vje\u00e7aren n\u00eb kopshtin privat n\u00eb Tiran\u00eb.<\/p>\n<p>Kujtojm\u00eb se rasti \u00ebsht\u00eb denoncuar n\u00eb emisionin \u201cStop\u201d nga prind i vog\u00eblush\u00ebs, q\u00eb sipas tij, nga dhuna i jan\u00eb shkaktuar fraktura n\u00eb k\u00ebmb\u00eb.<\/p>\n<p>Policia ka sekuestruar kamerat e siguris\u00eb brenda kopshtit p\u00ebr t\u00eb p\u00ebrcaktuar m\u00ebnyr\u00ebn se si vajz\u00ebs i \u00ebsht\u00eb thyer k\u00ebmba brenda kopshtit.<\/p>\n<p>Ngjarja ka ndodhur n\u00eb dat\u00ebn 1 n\u00ebntor n\u00eb kopshtin privat \u201cStin\u00ebt\u201d n\u00eb rrug\u00ebn \u201cKushtrimi i liris\u00eb\u201d.<\/p>\n","protected":false},"excerpt":{"rendered":"<p>\u00cbsht\u00eb shoq\u00ebruar n\u00eb komisariat edukatorja Majlinda Dehima, e cila dhunoi barbarisht 3-vje\u00e7aren n\u00eb kopshtin privat n\u00eb Tiran\u00eb. Kujtojm\u00eb se rasti \u00ebsht\u00eb denoncuar n\u00eb emisionin \u201cStop\u201d nga prind i vog\u00eblush\u00ebs, q\u00eb sipas tij, nga dhuna i jan\u00eb shkaktuar fraktura n\u00eb k\u00ebmb\u00eb. Policia ka sekuestruar kamerat e siguris\u00eb brenda kopshtit p\u00ebr t\u00eb p\u00ebrcaktuar m\u00ebnyr\u00ebn se si vajz\u00ebs [&hellip;]<\/p>\n","protected":false},"author":5,"featured_media":67407,"comment_status":"closed","ping_status":"closed","sticky":false,"template":"","format":"standard","meta":{"footnotes":""},"categories":[1,6332],"tags":[27458],"class_list":{"0":"post-67428","1":"post","2":"type-post","3":"status-publish","4":"format-standard","5":"has-post-thumbnail","7":"category-aktualitet","8":"category-te-fundit","9":"tag-shoqerohet-ne-polici-edukatorja-qe-dhunoi-3-vjecaren-ne-kopshtin-privat"},"_links":{"self":[{"href":"https:\/\/jugulajm.net\/index.php?rest_route=\/wp\/v2\/posts\/67428","targetHints":{"allow":["GET"]}}],"collection":[{"href":"https:\/\/jugulajm.net\/index.php?rest_route=\/wp\/v2\/posts"}],"about":[{"href":"https:\/\/jugulajm.net\/index.php?rest_route=\/wp\/v2\/types\/post"}],"author":[{"embeddable":true,"href":"https:\/\/jugulajm.net\/index.php?rest_route=\/wp\/v2\/users\/5"}],"replies":[{"embeddable":true,"href":"https:\/\/jugulajm.net\/index.php?rest_route=%2Fwp%2Fv2%2Fcomments&post=67428"}],"version-history":[{"count":0,"href":"https:\/\/jugulajm.net\/index.php?rest_route=\/wp\/v2\/posts\/67428\/revisions"}],"wp:featuredmedia":[{"embeddable":true,"href":"https:\/\/jugulajm.net\/index.php?rest_route=\/wp\/v2\/media\/67407"}],"wp:attachment":[{"href":"https:\/\/jugulajm.net\/index.php?rest_route=%2Fwp%2Fv2%2Fmedia&parent=67428"}],"wp:term":[{"taxonomy":"category","embeddable":true,"href":"https:\/\/jugulajm.net\/index.php?rest_route=%2Fwp%2Fv2%2Fcategories&post=67428"},{"taxonomy":"post_tag","embeddable":true,"href":"https:\/\/jugulajm.net\/index.php?rest_route=%2Fwp%2Fv2%2Ftags&post=67428"}],"curies":[{"name":"wp","href":"https:\/\/api.w.org\/{rel}","templated":true}]}}