{"id":67420,"date":"2023-11-07T11:31:05","date_gmt":"2023-11-07T10:31:05","guid":{"rendered":"https:\/\/jugulajm.net\/?p=67420"},"modified":"2023-11-07T11:34:06","modified_gmt":"2023-11-07T10:34:06","slug":"emri-foto-ja-kush-eshte-edukatorja-qe-rrahu-3-vjecaren-ne-kopsht","status":"publish","type":"post","link":"https:\/\/jugulajm.net\/?p=67420","title":{"rendered":"EMRI-FOTO\/ Ja kush \u00ebsht\u00eb edukatorja q\u00eb rrahu 3-vje\u00e7aren n\u00eb kopsht"},"content":{"rendered":"<p>Majlinda Dehima \u00ebsht\u00eb edukatorja e cila dhunoi vajz\u00ebn 3-vje\u00e7are n\u00eb nj\u00eb kopsht privat n\u00eb Tiran\u00eb.<\/p>\n<figure class=\"wp-block-image\"><img decoding=\"async\" class=\"wp-image-587969\" src=\"https:\/\/albeu.com\/wp-content\/uploads\/2023\/11\/e84b053f-a0b3-4715-8b16-d3e16bcfe07d.jpeg\" alt=\"\" data-pin-no-hover=\"true\" \/><\/figure>\n<p>Ngjarja ka ndodhur n\u00eb dat\u00ebn 1 n\u00ebntor n\u00eb kopshtin privat \u201cStin\u00ebt\u201d n\u00eb rrug\u00ebn \u201cKushtrimi i liris\u00eb\u201d.<\/p>\n<p>Si pasoj\u00eb e dhun\u00ebs e vogla ka p\u00ebrfunduar me k\u00ebmb\u00eb t\u00eb thyer n\u00eb spital.<\/p>\n<p>Dit\u00ebn e sotme, qytetar\u00ebt kan\u00eb paralajm\u00ebruar protest\u00eb n\u00eb or\u00ebn 16:00 lidhur me rastin.<\/p>\n<p>Protesta do t\u00eb zhvillohet p\u00ebrpara kopshtit, n\u00eb lagjen Ali Demi, prapa shkoll\u00ebs \u201cKushtrimi i Liris\u00eb\u201d.<\/p>\n<p>Qytetar\u00ebt thon\u00eb se kjo nuk \u00ebsht\u00eb hera e para q\u00eb n\u00eb k\u00ebt\u00eb institucion arsimor p\u00ebr f\u00ebmij\u00ebt ushtrohet dhun\u00eb.<\/p>\n<p>Ata shprehen t\u00eb habitur sesi vazhdohet t\u00eb punohet me t\u00eb nj\u00ebjtin staf, duke mos u marr\u00eb asnj\u00eb mas\u00eb.<\/p>\n<p><strong>DENONCIMI<\/strong><\/p>\n<p>Rasti \u00ebsht\u00eb denoncuar nga prind\u00ebrit, t\u00eb cil\u00ebt k\u00ebrkojn\u00eb t\u00eb din\u00eb se \u00e7far\u00eb ka ndodhur n\u00eb t\u00eb v\u00ebrtet\u00eb me f\u00ebmij\u00ebn e tyre, t\u00eb cil\u00ebn e gjet\u00ebn me k\u00ebmb\u00eb t\u00eb thyer, t\u00eb m\u00ebrkur\u00ebn e 1 N\u00ebntorit.<\/p>\n<p>N\u00eb rr\u00ebfimin e tyre p\u00ebr \u2018Stop\u2019, ata tregojn\u00eb se fillimisht u lajm\u00ebruan nga kop\u00ebshti, se vajza e tyre kishte l\u00ebnduar k\u00ebmb\u00ebn dhe se di\u00e7ka mund ta kishte pickuar.<\/p>\n<p>N\u00eb fakt ky l\u00ebndim, sipas mjek\u00ebve nuk mund t\u00eb ishte nj\u00eb pickim, por ve\u00e7se nj\u00eb thyerje e shkall\u00ebs s\u00eb r\u00ebnd\u00eb, e cila kishte nevoj\u00eb p\u00ebr nd\u00ebrhyrje.<\/p>\n<p>Nuk dihen rrethanat n\u00eb t\u00eb cilat 3-vje\u00e7arja mund t\u00eb ket\u00eb thyer k\u00ebmb\u00ebn, por n\u00eb pamjet filmike t\u00eb marra nga mjediset e kopshtit, shihet qart\u00eb nd\u00ebrsa dhunohet nga edukatorja e saj.<\/p>\n<p>P\u00ebrtej situat\u00ebs s\u00eb krijuar, dyshimet nga ekspert\u00eb t\u00eb fush\u00ebs hidhen se rasti n\u00eb fjal\u00eb mund t\u00eb jet\u00eb tentuar t\u00eb mbulohet nga mjek\u00ebsia ligjore, dhe nga Komisariati i Policis\u00eb Gjyq\u00ebsore, t\u00eb cilat nuk kan\u00eb vepruar si\u00e7 e parashikon ligji p\u00ebr rastin n\u00eb fjal\u00eb.<\/p>\n","protected":false},"excerpt":{"rendered":"<p>Majlinda Dehima \u00ebsht\u00eb edukatorja e cila dhunoi vajz\u00ebn 3-vje\u00e7are n\u00eb nj\u00eb kopsht privat n\u00eb Tiran\u00eb. Ngjarja ka ndodhur n\u00eb dat\u00ebn 1 n\u00ebntor n\u00eb kopshtin privat \u201cStin\u00ebt\u201d n\u00eb rrug\u00ebn \u201cKushtrimi i liris\u00eb\u201d. Si pasoj\u00eb e dhun\u00ebs e vogla ka p\u00ebrfunduar me k\u00ebmb\u00eb t\u00eb thyer n\u00eb spital. Dit\u00ebn e sotme, qytetar\u00ebt kan\u00eb paralajm\u00ebruar protest\u00eb n\u00eb or\u00ebn 16:00 [&hellip;]<\/p>\n","protected":false},"author":5,"featured_media":67421,"comment_status":"closed","ping_status":"closed","sticky":false,"template":"","format":"standard","meta":{"footnotes":""},"categories":[1,6332],"tags":[27453],"class_list":{"0":"post-67420","1":"post","2":"type-post","3":"status-publish","4":"format-standard","5":"has-post-thumbnail","7":"category-aktualitet","8":"category-te-fundit","9":"tag-emri-foto-ja-kush-eshte-edukatorja-qe-rrahu-3-vjecaren-ne-kopsht"},"_links":{"self":[{"href":"https:\/\/jugulajm.net\/index.php?rest_route=\/wp\/v2\/posts\/67420","targetHints":{"allow":["GET"]}}],"collection":[{"href":"https:\/\/jugulajm.net\/index.php?rest_route=\/wp\/v2\/posts"}],"about":[{"href":"https:\/\/jugulajm.net\/index.php?rest_route=\/wp\/v2\/types\/post"}],"author":[{"embeddable":true,"href":"https:\/\/jugulajm.net\/index.php?rest_route=\/wp\/v2\/users\/5"}],"replies":[{"embeddable":true,"href":"https:\/\/jugulajm.net\/index.php?rest_route=%2Fwp%2Fv2%2Fcomments&post=67420"}],"version-history":[{"count":0,"href":"https:\/\/jugulajm.net\/index.php?rest_route=\/wp\/v2\/posts\/67420\/revisions"}],"wp:featuredmedia":[{"embeddable":true,"href":"https:\/\/jugulajm.net\/index.php?rest_route=\/wp\/v2\/media\/67421"}],"wp:attachment":[{"href":"https:\/\/jugulajm.net\/index.php?rest_route=%2Fwp%2Fv2%2Fmedia&parent=67420"}],"wp:term":[{"taxonomy":"category","embeddable":true,"href":"https:\/\/jugulajm.net\/index.php?rest_route=%2Fwp%2Fv2%2Fcategories&post=67420"},{"taxonomy":"post_tag","embeddable":true,"href":"https:\/\/jugulajm.net\/index.php?rest_route=%2Fwp%2Fv2%2Ftags&post=67420"}],"curies":[{"name":"wp","href":"https:\/\/api.w.org\/{rel}","templated":true}]}}