{"id":67392,"date":"2023-11-06T18:01:23","date_gmt":"2023-11-06T17:01:23","guid":{"rendered":"https:\/\/jugulajm.net\/?p=67392"},"modified":"2023-11-06T18:01:23","modified_gmt":"2023-11-06T17:01:23","slug":"rama-firmos-me-melonin-refugjatet-qe-mberrijne-ne-itali-do-te-dergohen-ne-shqiperi-ja-se-ku","status":"publish","type":"post","link":"https:\/\/jugulajm.net\/?p=67392","title":{"rendered":"Rama firmos me Melonin: Refugjat\u00ebt q\u00eb mb\u00ebrrijn\u00eb n\u00eb Itali do t\u00eb d\u00ebrgohen n\u00eb Shqip\u00ebri, ja se ku&#8230;"},"content":{"rendered":"<p>Kryeministri Rama ka vendosur ti b\u00ebj\u00eb nj\u00eb qok\u00eb homologes s\u00eb tij italiane t\u00eb ekstremit t\u00eb djatht\u00eb Georgia Meloni, duke pranuar nj\u00eb mar\u00ebveshje p\u00ebr importimin e emigrant\u00ebve.<\/p>\n<p>Duke e ditur se problemi m\u00eb i madh i kryeministres kund\u00ebr emigracionit \u00ebsht\u00eb mb\u00ebrritja e refugjat\u00ebve n\u00eb vendin e saj, Rama ka marr\u00eb p\u00ebrsip\u00ebr ta b\u00ebj\u00eb k\u00ebt\u00eb n\u00eb portin e Sh\u00ebngjinit dhe n\u00eb ish aeroportin e Gjadrit.<\/p>\n<p>Pra nj\u00eb pjes\u00eb e atyre q\u00eb ikin nga vendet e tyre me varka dhe mjete rrethanore p\u00ebr ta p\u00ebrfunduar n\u00eb Itali dhe kapen n\u00eb det nga marian italiane,\u00a0 mund t\u00eb ken\u00eb si destinacion final Shqip\u00ebrin\u00eb. \u201cK\u00ebt\u00eb gj\u00eb vendi yn\u00eb mund t\u00eb b\u00ebj\u00eb vet\u00ebm p\u00ebr Italin\u00eb\u201d tha Rama gjat\u00eb nj\u00eb konference shtypi duke l\u00ebn\u00eb t\u00eb kuptohet se ky qe nj\u00eb nder i adresuar dhe jo nj\u00eb parim q\u00eb mund t\u00eb ndiqet me qeveri t\u00eb tjera evropiane. Q\u00eb kjo \u00ebsht\u00eb nj\u00eb qoke e konfirmojn\u00eb edhe mediat italiane. Il Fatto Quptidiano n\u00ebnvizonte se kjo mar\u00ebveshje me Shqip\u00ebrin\u00eb b\u00ebhet pasi Meloni d\u00ebshtoi prej nj\u00eb viti q\u00eb Tuzizia t\u00eb b\u00ebhej nj\u00eb vend prit\u00ebs.<\/p>\n<p>\u201cShqip\u00ebria do t\u00eb jap\u00eb disa zona t\u00eb territorit\u201d, ku Italia do t\u00eb mund t\u00eb krijoj\u00eb \u201cdy struktura\u201d p\u00ebr menaxhimin e emigrant\u00ebve t\u00eb paligjsh\u00ebm: \u201cato fillimisht do t\u00eb mund t\u00eb strehojn\u00eb deri n\u00eb tre mij\u00eb persona q\u00eb do t\u00eb q\u00ebndrojn\u00eb k\u00ebtu p\u00ebr koh\u00ebn p\u00ebr t\u00eb. p\u00ebrpunoj\u00eb k\u00ebrkesat p\u00ebr azil dhe, ndoshta, p\u00ebr q\u00ebllime riatdhesimi\u201d, tha Meloni e cila aspektin krejt te dyshimte t\u00eb m\u00ebr\u00ebveshjes e cil\u00ebsoi si nj\u00eb \u201cform\u00eb inovative\u201d.<\/p>\n<p>\u201cJuridiksioni brenda k\u00ebtyre qendrave do t\u00eb jet\u00eb italian. N\u00eb portin e Sh\u00ebngjinit do t\u00eb kujdesen procedurat e zbarkimit dhe identifikimit, nd\u00ebrsa n\u00eb nj\u00eb zon\u00eb tjet\u00ebr m\u00eb t\u00eb brendshme do t\u00eb nd\u00ebrtohet nj\u00eb struktur\u00eb tjet\u00ebr e bazuar n\u00eb modelin CPR. Shqip\u00ebria bashk\u00ebpunon me forcat e saj policore me forcat e siguris\u00eb dhe mbik\u00ebqyrjen e jashtme t\u00eb strukturave\u201d vazhdoi kryeministrja italiane.<\/p>\n<p>Pravar\u00ebsisht se dy kryeministrat n\u00ebnshkruan nj\u00eb mar\u00ebveshje para kamerave, ende nuk dihet se sa do t\u00eb jet\u00eb numi i refugjat\u00ebve q\u00eb do t\u00eb pranoj\u00eb Shqip\u00ebria ( Meloni tha fillimishte 3 mij\u00eb) dhe cilat do t\u00eb jen\u00eb kushtet e ardhjes s\u00eb tyre. N\u00eb k\u00ebt\u00eb pik\u00eb Meloni dhe Rama e lan\u00eb publikun n\u00eb err\u00ebsir\u00eb ndon\u00ebse fol\u00ebn para kamerave shum\u00eb gj\u00ebra t\u00eb p\u00ebrgjithshme.<\/p>\n","protected":false},"excerpt":{"rendered":"<p>Kryeministri Rama ka vendosur ti b\u00ebj\u00eb nj\u00eb qok\u00eb homologes s\u00eb tij italiane t\u00eb ekstremit t\u00eb djatht\u00eb Georgia Meloni, duke pranuar nj\u00eb mar\u00ebveshje p\u00ebr importimin e emigrant\u00ebve. Duke e ditur se problemi m\u00eb i madh i kryeministres kund\u00ebr emigracionit \u00ebsht\u00eb mb\u00ebrritja e refugjat\u00ebve n\u00eb vendin e saj, Rama ka marr\u00eb p\u00ebrsip\u00ebr ta b\u00ebj\u00eb k\u00ebt\u00eb n\u00eb portin [&hellip;]<\/p>\n","protected":false},"author":5,"featured_media":67393,"comment_status":"closed","ping_status":"closed","sticky":false,"template":"","format":"standard","meta":{"footnotes":""},"categories":[1,6332],"tags":[20740,27443],"class_list":{"0":"post-67392","1":"post","2":"type-post","3":"status-publish","4":"format-standard","5":"has-post-thumbnail","7":"category-aktualitet","8":"category-te-fundit","9":"tag-ja-se-ku","10":"tag-rama-firmos-me-melonin-refugjatet-qe-mberrijne-ne-itali-do-te-dergohen-ne-shqiperi"},"_links":{"self":[{"href":"https:\/\/jugulajm.net\/index.php?rest_route=\/wp\/v2\/posts\/67392","targetHints":{"allow":["GET"]}}],"collection":[{"href":"https:\/\/jugulajm.net\/index.php?rest_route=\/wp\/v2\/posts"}],"about":[{"href":"https:\/\/jugulajm.net\/index.php?rest_route=\/wp\/v2\/types\/post"}],"author":[{"embeddable":true,"href":"https:\/\/jugulajm.net\/index.php?rest_route=\/wp\/v2\/users\/5"}],"replies":[{"embeddable":true,"href":"https:\/\/jugulajm.net\/index.php?rest_route=%2Fwp%2Fv2%2Fcomments&post=67392"}],"version-history":[{"count":0,"href":"https:\/\/jugulajm.net\/index.php?rest_route=\/wp\/v2\/posts\/67392\/revisions"}],"wp:featuredmedia":[{"embeddable":true,"href":"https:\/\/jugulajm.net\/index.php?rest_route=\/wp\/v2\/media\/67393"}],"wp:attachment":[{"href":"https:\/\/jugulajm.net\/index.php?rest_route=%2Fwp%2Fv2%2Fmedia&parent=67392"}],"wp:term":[{"taxonomy":"category","embeddable":true,"href":"https:\/\/jugulajm.net\/index.php?rest_route=%2Fwp%2Fv2%2Fcategories&post=67392"},{"taxonomy":"post_tag","embeddable":true,"href":"https:\/\/jugulajm.net\/index.php?rest_route=%2Fwp%2Fv2%2Ftags&post=67392"}],"curies":[{"name":"wp","href":"https:\/\/api.w.org\/{rel}","templated":true}]}}