{"id":67386,"date":"2023-11-06T14:29:01","date_gmt":"2023-11-06T13:29:01","guid":{"rendered":"https:\/\/jugulajm.net\/?p=67386"},"modified":"2023-11-06T14:29:01","modified_gmt":"2023-11-06T13:29:01","slug":"po-vjen-domingos-stuhia-e-dyte-qe-do-godase-europen-dhe-shqiperine","status":"publish","type":"post","link":"https:\/\/jugulajm.net\/?p=67386","title":{"rendered":"Po vjen &#8220;Domingos\u201d, stuhia e dyt\u00eb q\u00eb do godas\u00eb Europ\u00ebn dhe Shqip\u00ebrin\u00eb"},"content":{"rendered":"<p>Evropa Jugper\u00ebndimore po p\u00ebrgatitet p\u00ebr stuhin\u00eb e dyt\u00eb t\u00eb madhe q\u00eb vjen nga Atlantiku.<\/p>\n<p>Domingos tashm\u00eb po shkakton er\u00ebra t\u00eb forta dhe dallg\u00eb t\u00eb larta n\u00eb Franc\u00eb, Spanj\u00eb dhe Portugali.<\/p>\n<p>N\u00eb Franc\u00eb, nj\u00eb alarm portokalli \u00ebsht\u00eb vendosur p\u00ebrgjat\u00eb bregut t\u00eb Atlantikut, dhe gjithashtu n\u00eb Pas-de-Calais, p\u00ebr shkak t\u00eb er\u00ebrave q\u00eb arrit\u00ebn deri n\u00eb 150 km\/h t\u00eb shtun\u00ebn n\u00eb mbr\u00ebmje.<\/p>\n<p>Domingos vjen pas Ciaran, stuhi jasht\u00ebzakonisht e fort\u00eb, e cili ende nuk \u00ebsht\u00eb qet\u00ebsuar plot\u00ebsisht.<\/p>\n<p>Duke u endur n\u00eb Detin e Veriut, stuhia ka prekur motin n\u00eb t\u00eb gjith\u00eb kontinentin, me numrin e t\u00eb vdekurve q\u00eb u rrit n\u00eb 19 t\u00eb shtun\u00ebn.<\/p>\n<p>Ciaran solli reshje rekord n\u00eb Itali, ku \u00ebsht\u00eb shpallur gjendja e jasht\u00ebzakonshme n\u00eb disa provinca t\u00eb Toskan\u00ebs, nd\u00ebrsa probleme t\u00eb shumta shkaktoi edhe n\u00eb Shqip\u00ebri.<\/p>\n","protected":false},"excerpt":{"rendered":"<p>Evropa Jugper\u00ebndimore po p\u00ebrgatitet p\u00ebr stuhin\u00eb e dyt\u00eb t\u00eb madhe q\u00eb vjen nga Atlantiku. Domingos tashm\u00eb po shkakton er\u00ebra t\u00eb forta dhe dallg\u00eb t\u00eb larta n\u00eb Franc\u00eb, Spanj\u00eb dhe Portugali. N\u00eb Franc\u00eb, nj\u00eb alarm portokalli \u00ebsht\u00eb vendosur p\u00ebrgjat\u00eb bregut t\u00eb Atlantikut, dhe gjithashtu n\u00eb Pas-de-Calais, p\u00ebr shkak t\u00eb er\u00ebrave q\u00eb arrit\u00ebn deri n\u00eb 150 km\/h [&hellip;]<\/p>\n","protected":false},"author":5,"featured_media":55213,"comment_status":"closed","ping_status":"closed","sticky":false,"template":"","format":"standard","meta":{"footnotes":""},"categories":[7650,6332],"tags":[27437,27438],"class_list":{"0":"post-67386","1":"post","2":"type-post","3":"status-publish","4":"format-standard","5":"has-post-thumbnail","7":"category-moti","8":"category-te-fundit","9":"tag-po-vjen-domingos","10":"tag-stuhia-e-dyte-qe-do-godase-europen-dhe-shqiperine"},"_links":{"self":[{"href":"https:\/\/jugulajm.net\/index.php?rest_route=\/wp\/v2\/posts\/67386","targetHints":{"allow":["GET"]}}],"collection":[{"href":"https:\/\/jugulajm.net\/index.php?rest_route=\/wp\/v2\/posts"}],"about":[{"href":"https:\/\/jugulajm.net\/index.php?rest_route=\/wp\/v2\/types\/post"}],"author":[{"embeddable":true,"href":"https:\/\/jugulajm.net\/index.php?rest_route=\/wp\/v2\/users\/5"}],"replies":[{"embeddable":true,"href":"https:\/\/jugulajm.net\/index.php?rest_route=%2Fwp%2Fv2%2Fcomments&post=67386"}],"version-history":[{"count":0,"href":"https:\/\/jugulajm.net\/index.php?rest_route=\/wp\/v2\/posts\/67386\/revisions"}],"wp:featuredmedia":[{"embeddable":true,"href":"https:\/\/jugulajm.net\/index.php?rest_route=\/wp\/v2\/media\/55213"}],"wp:attachment":[{"href":"https:\/\/jugulajm.net\/index.php?rest_route=%2Fwp%2Fv2%2Fmedia&parent=67386"}],"wp:term":[{"taxonomy":"category","embeddable":true,"href":"https:\/\/jugulajm.net\/index.php?rest_route=%2Fwp%2Fv2%2Fcategories&post=67386"},{"taxonomy":"post_tag","embeddable":true,"href":"https:\/\/jugulajm.net\/index.php?rest_route=%2Fwp%2Fv2%2Ftags&post=67386"}],"curies":[{"name":"wp","href":"https:\/\/api.w.org\/{rel}","templated":true}]}}