{"id":67259,"date":"2023-11-03T17:37:39","date_gmt":"2023-11-03T16:37:39","guid":{"rendered":"https:\/\/jugulajm.net\/?p=67259"},"modified":"2023-11-03T17:40:11","modified_gmt":"2023-11-03T16:40:11","slug":"paralajmeron-meteorologia-ja-qytetet-qe-do-te-mbyten-nga-reshjet-e-shiut-dhe-stuhia","status":"publish","type":"post","link":"https:\/\/jugulajm.net\/?p=67259","title":{"rendered":"Paralajm\u00ebron meteorologia: Ja qytetet q\u00eb do t\u00eb &#8220;mbyten&#8221; nga reshjet e shiut dhe stuhia&#8230;"},"content":{"rendered":"<p>Stuhia \u201cCiaran\u201d q\u00eb ka goditur Italin\u00eb, Franc\u00ebn dhe gjith\u00eb Europ\u00ebn erdhi dhe n\u00eb Shqip\u00ebri.<\/p>\n<p>Duke filluar q\u00eb nga mesdita e s\u00eb premtes, vendi yn\u00eb u p\u00ebrfshi nga reshje t\u00eb shumta shiu dhe stuhi.<\/p>\n<p>\u201cPjesa m\u00eb e madhe do t\u00eb ket\u00eb reshje ne form\u00eb shtr\u00ebngatash. Me intensitet n\u00eb pjes\u00ebn m\u00eb t\u00eb madhe t\u00eb veriut dhe qendr\u00ebn. Sonte gjat\u00eb nat\u00ebs dhe dita e shtun\u00eb do t\u00eb jet\u00eb situata m\u00eb e p\u00ebrkeq\u00ebsuar.<\/p>\n<p>Nes\u00ebr do t\u00eb ket\u00eb alarm t\u00eb kuq\u201d u shpreh meteorologia Ladja Porja.<\/p>\n<p>Reshjet pritet t\u00eb jen\u00eb p\u00ebrtej normave, shoq\u00ebruar dhe m\u00eb nj\u00eb shpejt\u00ebsi t\u00eb er\u00ebs.<\/p>\n<p>Meteorolog\u00ebt listojn\u00eb qytetet q\u00eb do t\u00eb jen\u00eb m\u00eb problematike.<\/p>\n<p>\u201cQarqet problematike do t\u00eb jen\u00eb Shkodra, Kruja, Tirana, Elbasani, Kor\u00e7a.<\/p>\n<p>Do t\u00eb ken\u00eb probleme nga reshjet intensive deri n\u00eb mesin e jav\u00ebs tjet\u00ebr, q\u00eb do kemi nj\u00eb situat\u00eb m\u00eb t\u00eb p\u00ebrmir\u00ebsuar\u201d tregoi Porja.<\/p>\n<p>R\u00ebnie t\u00eb ndjeshme do t\u00eb ket\u00eb dhe sa i takon temperaturave. \u201cTermometri do t\u00eb regjistroj\u00eb jo m\u00eb shum\u00eb se 20 grad\u00eb.<\/p>\n<p>Do t\u00eb ket\u00eb nj\u00eb rritje t\u00eb leht\u00eb e diela dhe rritje gjat\u00eb jav\u00ebs.<\/p>\n<p>Por mund t\u00eb them q\u00eb pjesa tjet\u00ebr e muajt n\u00ebntor do t\u00eb jet\u00eb shum\u00eb i lag\u00ebsht sa i p\u00ebrket reshjeve dhe nj\u00eb tjet\u00ebr stuhi do t\u00eb godas\u00eb vendin\u201d u shpreh meteorologia.<\/p>\n","protected":false},"excerpt":{"rendered":"<p>Stuhia \u201cCiaran\u201d q\u00eb ka goditur Italin\u00eb, Franc\u00ebn dhe gjith\u00eb Europ\u00ebn erdhi dhe n\u00eb Shqip\u00ebri. Duke filluar q\u00eb nga mesdita e s\u00eb premtes, vendi yn\u00eb u p\u00ebrfshi nga reshje t\u00eb shumta shiu dhe stuhi. \u201cPjesa m\u00eb e madhe do t\u00eb ket\u00eb reshje ne form\u00eb shtr\u00ebngatash. Me intensitet n\u00eb pjes\u00ebn m\u00eb t\u00eb madhe t\u00eb veriut dhe qendr\u00ebn. [&hellip;]<\/p>\n","protected":false},"author":5,"featured_media":53315,"comment_status":"closed","ping_status":"closed","sticky":false,"template":"","format":"standard","meta":{"footnotes":""},"categories":[7650,6332],"tags":[27383],"class_list":{"0":"post-67259","1":"post","2":"type-post","3":"status-publish","4":"format-standard","5":"has-post-thumbnail","7":"category-moti","8":"category-te-fundit","9":"tag-paralajmeron-meteorologia-ja-qytetet-qe-do-te-mbyten-nga-reshjet-e-shiut-dhe-stuhia"},"_links":{"self":[{"href":"https:\/\/jugulajm.net\/index.php?rest_route=\/wp\/v2\/posts\/67259","targetHints":{"allow":["GET"]}}],"collection":[{"href":"https:\/\/jugulajm.net\/index.php?rest_route=\/wp\/v2\/posts"}],"about":[{"href":"https:\/\/jugulajm.net\/index.php?rest_route=\/wp\/v2\/types\/post"}],"author":[{"embeddable":true,"href":"https:\/\/jugulajm.net\/index.php?rest_route=\/wp\/v2\/users\/5"}],"replies":[{"embeddable":true,"href":"https:\/\/jugulajm.net\/index.php?rest_route=%2Fwp%2Fv2%2Fcomments&post=67259"}],"version-history":[{"count":0,"href":"https:\/\/jugulajm.net\/index.php?rest_route=\/wp\/v2\/posts\/67259\/revisions"}],"wp:featuredmedia":[{"embeddable":true,"href":"https:\/\/jugulajm.net\/index.php?rest_route=\/wp\/v2\/media\/53315"}],"wp:attachment":[{"href":"https:\/\/jugulajm.net\/index.php?rest_route=%2Fwp%2Fv2%2Fmedia&parent=67259"}],"wp:term":[{"taxonomy":"category","embeddable":true,"href":"https:\/\/jugulajm.net\/index.php?rest_route=%2Fwp%2Fv2%2Fcategories&post=67259"},{"taxonomy":"post_tag","embeddable":true,"href":"https:\/\/jugulajm.net\/index.php?rest_route=%2Fwp%2Fv2%2Ftags&post=67259"}],"curies":[{"name":"wp","href":"https:\/\/api.w.org\/{rel}","templated":true}]}}