{"id":67163,"date":"2023-11-01T15:26:33","date_gmt":"2023-11-01T14:26:33","guid":{"rendered":"https:\/\/jugulajm.net\/?p=67163"},"modified":"2023-11-01T15:26:33","modified_gmt":"2023-11-01T14:26:33","slug":"emrifoto-vetingu-shkarkon-gjyqtaren-qe-i-dha-vulen-e-pd-se-bashes","status":"publish","type":"post","link":"https:\/\/jugulajm.net\/?p=67163","title":{"rendered":"EMRI+FOTO\/ Vetingu shkarkon gjyqtaren q\u00eb i dha vul\u00ebn e PD-s\u00eb Bash\u00ebs"},"content":{"rendered":"<p>Komisioni i Pavarur i Kualifikimit shkarkoi nga detyra gjyqtaren e Gjykat\u00ebs s\u00eb Tiran\u00ebs Blerina Mu\u00e7o.<\/p>\n<p>Ajo kishte barr\u00eb prove mbi nj\u00eb pamund\u00ebsi financiare n\u00eb mas\u00ebn 10.9 milion\u00eb lek\u00eb p\u00ebr krijimin e cashit n\u00eb llogari rrjedh\u00ebse si dhe p\u00ebr mbulimin e shpenzimeve.<\/p>\n<p>Mu\u00e7o e kund\u00ebrshtoi gjetjen e KPK-s\u00eb dhe tha se ajo binte n\u00eb kund\u00ebrshtim me jurisprudenc\u00ebn e Kolegjit.<\/p>\n<p>Sot nuk ishte n\u00eb seanc\u00ebn ku u njoftua shkarkimi.<\/p>\n<p>Blerina Mu\u00e7o u lakua n\u00eb media vitin e kaluar n\u00eb betej\u00ebn p\u00ebr vul\u00ebn e PD-s\u00eb. Blerina Mu\u00e7a vendosi n\u00eb Dhom\u00eb K\u00ebshillimi se PD-ja asokohe e p\u00ebrfaq\u00ebsuar nga Enkelejd Alibeaj, ka t\u00eb drejt\u00eb ta paraqes\u00eb ankimin n\u00eb Apel t\u00eb vendimit t\u00eb Agron Zhukrit, q\u00eb i dha vul\u00ebn Sali Berish\u00ebs.<\/p>\n<p>N\u00eb Apel trupa e riktheu dosjen p\u00ebr rigjykim n\u00eb themel.<\/p>\n","protected":false},"excerpt":{"rendered":"<p>Komisioni i Pavarur i Kualifikimit shkarkoi nga detyra gjyqtaren e Gjykat\u00ebs s\u00eb Tiran\u00ebs Blerina Mu\u00e7o. Ajo kishte barr\u00eb prove mbi nj\u00eb pamund\u00ebsi financiare n\u00eb mas\u00ebn 10.9 milion\u00eb lek\u00eb p\u00ebr krijimin e cashit n\u00eb llogari rrjedh\u00ebse si dhe p\u00ebr mbulimin e shpenzimeve. Mu\u00e7o e kund\u00ebrshtoi gjetjen e KPK-s\u00eb dhe tha se ajo binte n\u00eb kund\u00ebrshtim me [&hellip;]<\/p>\n","protected":false},"author":5,"featured_media":67164,"comment_status":"closed","ping_status":"closed","sticky":false,"template":"","format":"standard","meta":{"footnotes":""},"categories":[1,6326,6332],"tags":[27333],"class_list":{"0":"post-67163","1":"post","2":"type-post","3":"status-publish","4":"format-standard","5":"has-post-thumbnail","7":"category-aktualitet","8":"category-politike","9":"category-te-fundit","10":"tag-emrifoto-vetingu-shkarkon-gjyqtaren-qe-i-dha-vulen-e-pd-se-bashes"},"_links":{"self":[{"href":"https:\/\/jugulajm.net\/index.php?rest_route=\/wp\/v2\/posts\/67163","targetHints":{"allow":["GET"]}}],"collection":[{"href":"https:\/\/jugulajm.net\/index.php?rest_route=\/wp\/v2\/posts"}],"about":[{"href":"https:\/\/jugulajm.net\/index.php?rest_route=\/wp\/v2\/types\/post"}],"author":[{"embeddable":true,"href":"https:\/\/jugulajm.net\/index.php?rest_route=\/wp\/v2\/users\/5"}],"replies":[{"embeddable":true,"href":"https:\/\/jugulajm.net\/index.php?rest_route=%2Fwp%2Fv2%2Fcomments&post=67163"}],"version-history":[{"count":0,"href":"https:\/\/jugulajm.net\/index.php?rest_route=\/wp\/v2\/posts\/67163\/revisions"}],"wp:featuredmedia":[{"embeddable":true,"href":"https:\/\/jugulajm.net\/index.php?rest_route=\/wp\/v2\/media\/67164"}],"wp:attachment":[{"href":"https:\/\/jugulajm.net\/index.php?rest_route=%2Fwp%2Fv2%2Fmedia&parent=67163"}],"wp:term":[{"taxonomy":"category","embeddable":true,"href":"https:\/\/jugulajm.net\/index.php?rest_route=%2Fwp%2Fv2%2Fcategories&post=67163"},{"taxonomy":"post_tag","embeddable":true,"href":"https:\/\/jugulajm.net\/index.php?rest_route=%2Fwp%2Fv2%2Ftags&post=67163"}],"curies":[{"name":"wp","href":"https:\/\/api.w.org\/{rel}","templated":true}]}}