{"id":67136,"date":"2023-10-31T19:57:32","date_gmt":"2023-10-31T18:57:32","guid":{"rendered":"https:\/\/jugulajm.net\/?p=67136"},"modified":"2023-10-31T19:58:14","modified_gmt":"2023-10-31T18:58:14","slug":"emrat-4-zyrtareve-te-bashkise-denohen-per-rryshfet-me-lejen-e-ndertimit","status":"publish","type":"post","link":"https:\/\/jugulajm.net\/?p=67136","title":{"rendered":"EMRAT\/ 4 zyrtar\u00eb t\u00eb Bashkis\u00eb d\u00ebnohen p\u00ebr rryshfet me lejen e nd\u00ebrtimit"},"content":{"rendered":"<p>Gjykata e Posa\u00e7me e Shkall\u00ebs s\u00eb Par\u00eb ka shpallur sot d\u00ebnimet ndaj kat\u00ebr zyrtar\u00ebve t\u00eb Bashkis\u00eb Dimal, t\u00eb akuzuar p\u00ebr sh\u00ebrdorim detyre dhe korrupsion, si dhe ndaj menaxherit t\u00eb nj\u00eb subjekti privat dhe nj\u00eb inxhinieri, pasi u akuzuan p\u00ebr p\u00ebrfshirje n\u00eb veprime t\u00eb kund\u00ebrligjshme n\u00eb dh\u00ebnien e lejeve t\u00eb nd\u00ebrtimit kundrejt ryshfetit tre vjet m\u00eb par\u00eb.<\/p>\n<p>Pasi u njoh me konkluzionet p\u00ebrfundimtare t\u00eb t\u00eb pandehur\u00ebs Valentina Jan\u00e7e, e cila k\u00ebrkoi pafaj\u00ebsi ose d\u00ebnim alternativ, trupi gjykues i kryesuar nga Flora Hajredinaj vendosi t\u00eb deklaroj\u00eb fajtor\u00eb t\u00eb gjasht\u00eb t\u00eb pandehurit, t\u00eb cil\u00ebt kan\u00eb pranuar gjykimin e shkurtuar duke p\u00ebrfituar uljen e nj\u00eb t\u00eb tret\u00ebs s\u00eb d\u00ebnimit.<\/p>\n<p>P\u00ebrgjegj\u00ebsi i sh\u00ebrbimeve n\u00eb Bashkin\u00eb Dimal, Arben Guraj u gjet fajtor p\u00ebr veprat penale \u201cUshtrimi i ndikimit t\u00eb paligjsh\u00ebm ndaj personave q\u00eb ushtrojn\u00eb funksione publike\u201d, e kryer n\u00eb bashk\u00ebpunim; \u201cKorrupsioni pasiv\u2026, e aktiv\u201d, si dhe \u201cProdhimi dhe mbajtja pa leje e arm\u00ebve t\u00eb gjuetis\u00eb dhe sportive\u201d. Ai u d\u00ebnua n\u00eb total me 4 vjet burg, q\u00eb n\u00eb aplikim t\u00eb gjykimit t\u00eb shkutuar u reduktua n\u00eb 2 vjet e 8 muaj burgim.<\/p>\n<p>I pandehuri Altin Pali, me detyr\u00eb drejtor i Zyr\u00ebs s\u00eb Urbanistik\u00ebs n\u00eb k\u00ebt\u00eb bashki, akuzuar p\u00ebr \u201cShp\u00ebrdorim i detyr\u00ebs\u201d dhe \u201cKorrupsioni pasiv\u2026\u201d, u d\u00ebnua me 3 vjet heqje lirie dhe n\u00eb aplikim t\u00eb gjykimit t\u00eb shkurtuar me 2 vjet burgim. P\u00ebr t\u00eb nj\u00ebjtat vepra penale u d\u00ebnua p\u00ebrfundimisht me 1 vit e 4 muaj e pandehura Valentina Jan\u00e7e, p\u00ebrgjegj\u00ebse sektori e urbanistik\u00ebs pran\u00eb Bashkis\u00eb Dimal. Agim \u00c7unaj, me detyr\u00eb p\u00ebrgjgj\u00ebs i IKMT pran\u00eb k\u00ebsaj bashkie, u d\u00ebnua p\u00ebr shp\u00ebrdorim detyre me 1 vit e 6 muaj. Zyrtar\u00ebve t\u00eb akuzuar, i\u2019u hoq e drejta e mbajtjes s\u00eb funksioneve publike p\u00ebr 5 vjet.<\/p>\n<p>Menaxheri i subjektit privat, Vait Koshi, i cili akuzohet p\u00ebr \u201ckorrupsion aktiv\u2026\u201d u d\u00ebnua me 1 vit burg, nd\u00ebrsa inxhinieri Arjan Demiri me 8 muaj burg. Ndaj k\u00ebtyre dy t\u00eb pandehurve u vendos shuarja e mas\u00ebs s\u00eb siguris\u00eb, pasi rezulton q\u00eb t\u00eb ken\u00eb ken\u00eb tejkaluar masa\u00ebn e d\u00ebnimit t\u00eb dh\u00ebn\u00eb nga gjykata.<\/p>\n<p>Gjykata konfiskoi nj\u00eb shum\u00eb prej 50 mij\u00eb lek\u00ebsh q\u00eb konsiderohet e provuar se \u00ebsht\u00eb vlera q\u00eb \u00ebsht\u00eb dh\u00ebn\u00eb n\u00eb form\u00eb ryshfeti.<\/p>\n","protected":false},"excerpt":{"rendered":"<p>Gjykata e Posa\u00e7me e Shkall\u00ebs s\u00eb Par\u00eb ka shpallur sot d\u00ebnimet ndaj kat\u00ebr zyrtar\u00ebve t\u00eb Bashkis\u00eb Dimal, t\u00eb akuzuar p\u00ebr sh\u00ebrdorim detyre dhe korrupsion, si dhe ndaj menaxherit t\u00eb nj\u00eb subjekti privat dhe nj\u00eb inxhinieri, pasi u akuzuan p\u00ebr p\u00ebrfshirje n\u00eb veprime t\u00eb kund\u00ebrligjshme n\u00eb dh\u00ebnien e lejeve t\u00eb nd\u00ebrtimit kundrejt ryshfetit tre vjet m\u00eb [&hellip;]<\/p>\n","protected":false},"author":5,"featured_media":52047,"comment_status":"closed","ping_status":"closed","sticky":false,"template":"","format":"standard","meta":{"footnotes":""},"categories":[1,6332],"tags":[27319],"class_list":{"0":"post-67136","1":"post","2":"type-post","3":"status-publish","4":"format-standard","5":"has-post-thumbnail","7":"category-aktualitet","8":"category-te-fundit","9":"tag-emrat-4-zyrtare-te-bashkise-denohen-per-rryshfet-me-lejen-e-ndertimit"},"_links":{"self":[{"href":"https:\/\/jugulajm.net\/index.php?rest_route=\/wp\/v2\/posts\/67136","targetHints":{"allow":["GET"]}}],"collection":[{"href":"https:\/\/jugulajm.net\/index.php?rest_route=\/wp\/v2\/posts"}],"about":[{"href":"https:\/\/jugulajm.net\/index.php?rest_route=\/wp\/v2\/types\/post"}],"author":[{"embeddable":true,"href":"https:\/\/jugulajm.net\/index.php?rest_route=\/wp\/v2\/users\/5"}],"replies":[{"embeddable":true,"href":"https:\/\/jugulajm.net\/index.php?rest_route=%2Fwp%2Fv2%2Fcomments&post=67136"}],"version-history":[{"count":0,"href":"https:\/\/jugulajm.net\/index.php?rest_route=\/wp\/v2\/posts\/67136\/revisions"}],"wp:featuredmedia":[{"embeddable":true,"href":"https:\/\/jugulajm.net\/index.php?rest_route=\/wp\/v2\/media\/52047"}],"wp:attachment":[{"href":"https:\/\/jugulajm.net\/index.php?rest_route=%2Fwp%2Fv2%2Fmedia&parent=67136"}],"wp:term":[{"taxonomy":"category","embeddable":true,"href":"https:\/\/jugulajm.net\/index.php?rest_route=%2Fwp%2Fv2%2Fcategories&post=67136"},{"taxonomy":"post_tag","embeddable":true,"href":"https:\/\/jugulajm.net\/index.php?rest_route=%2Fwp%2Fv2%2Ftags&post=67136"}],"curies":[{"name":"wp","href":"https:\/\/api.w.org\/{rel}","templated":true}]}}