{"id":67125,"date":"2023-10-31T12:34:54","date_gmt":"2023-10-31T11:34:54","guid":{"rendered":"https:\/\/jugulajm.net\/?p=67125"},"modified":"2023-10-31T12:34:54","modified_gmt":"2023-10-31T11:34:54","slug":"prangoset-28-vjecari-dhunoi-dhe-abuzoi-seksualisht-me-te-dashuren","status":"publish","type":"post","link":"https:\/\/jugulajm.net\/?p=67125","title":{"rendered":"Prangoset 28-vje\u00e7ari, dhunoi dhe abuzoi seksualisht me t\u00eb dashur\u00ebn"},"content":{"rendered":"<p>Nj\u00eb 28-vje\u00e7ar n\u00eb Tiran\u00eb \u00ebsht\u00eb arrestuar nga forcat e Komisariatit Nr.4 t\u00eb Policis\u00eb s\u00eb Tiran\u00ebs, pasi kreu marr\u00ebdh\u00ebnie seksuale me dhun\u00eb me t\u00eb dashur\u00ebn e tij.<\/p>\n<p>N\u00eb pranga ka r\u00ebn\u00eb A.Gj, i cili dhunoi dhe abuzoi seksualisht me partneren e tij.<\/p>\n<p>M\u00ebsohet se \u00e7ifti ishte n\u00eb nj\u00eb lidhje prej 2 muajsh.<\/p>\n<p>Ngjarja ndodhi mbr\u00ebm\u00eb pasi u kthyen n\u00eb banes\u00ebn e tyre n\u00eb kryeqytet nga Durr\u00ebsi.<\/p>\n<p>Sherri mes t\u00eb rinjve nisi pas telefonat\u00ebs q\u00eb 28-vje\u00e7ari mori nga ish e dashura, q\u00eb nj\u00ebkoh\u00ebsisht ka patur miq\u00ebsi edhe me vajz\u00ebn e dhunuar.<\/p>\n<p>Debati agravoi m\u00eb pas deri n\u00eb dhun\u00eb dhe i riu gjat\u00eb k\u00ebsaj kohe ka kryer marr\u00ebdh\u00ebnie seksuale me t\u00eb dashur\u00ebn pa d\u00ebshir\u00ebn e saj.<\/p>\n<p>Vajza u d\u00ebrgua n\u00eb spital nga vet\u00eb 28-vje\u00e7ari, pasi ky i fundit u ndje keq.<\/p>\n<p>Mjek\u00ebt konstatuan shenjat e dhun\u00ebs n\u00eb fytyr\u00ebn e vajz\u00ebs dhe lajm\u00ebruan policin\u00eb.<\/p>\n<p>28-vje\u00e7ari Gjonaj, pasi u pyet nga uniformat blu, nuk b\u00ebri asnj\u00eb koment.<\/p>\n<p>Por nga kontrolli n\u00eb banes\u00ebn e tij, policia gjeti kanabis sativa dhe konstatoi njolla gjaku. I riu u arrestua n\u00eb flagranc\u00eb nga punonj\u00ebsit e policis\u00eb.<\/p>\n","protected":false},"excerpt":{"rendered":"<p>Nj\u00eb 28-vje\u00e7ar n\u00eb Tiran\u00eb \u00ebsht\u00eb arrestuar nga forcat e Komisariatit Nr.4 t\u00eb Policis\u00eb s\u00eb Tiran\u00ebs, pasi kreu marr\u00ebdh\u00ebnie seksuale me dhun\u00eb me t\u00eb dashur\u00ebn e tij. N\u00eb pranga ka r\u00ebn\u00eb A.Gj, i cili dhunoi dhe abuzoi seksualisht me partneren e tij. M\u00ebsohet se \u00e7ifti ishte n\u00eb nj\u00eb lidhje prej 2 muajsh. Ngjarja ndodhi mbr\u00ebm\u00eb pasi [&hellip;]<\/p>\n","protected":false},"author":5,"featured_media":51462,"comment_status":"closed","ping_status":"closed","sticky":false,"template":"","format":"standard","meta":{"footnotes":""},"categories":[1,6332],"tags":[27311,22572],"class_list":{"0":"post-67125","1":"post","2":"type-post","3":"status-publish","4":"format-standard","5":"has-post-thumbnail","7":"category-aktualitet","8":"category-te-fundit","9":"tag-dhunoi-dhe-abuzoi-seksualisht-me-te-dashuren","10":"tag-prangoset-28-vjecari"},"_links":{"self":[{"href":"https:\/\/jugulajm.net\/index.php?rest_route=\/wp\/v2\/posts\/67125","targetHints":{"allow":["GET"]}}],"collection":[{"href":"https:\/\/jugulajm.net\/index.php?rest_route=\/wp\/v2\/posts"}],"about":[{"href":"https:\/\/jugulajm.net\/index.php?rest_route=\/wp\/v2\/types\/post"}],"author":[{"embeddable":true,"href":"https:\/\/jugulajm.net\/index.php?rest_route=\/wp\/v2\/users\/5"}],"replies":[{"embeddable":true,"href":"https:\/\/jugulajm.net\/index.php?rest_route=%2Fwp%2Fv2%2Fcomments&post=67125"}],"version-history":[{"count":0,"href":"https:\/\/jugulajm.net\/index.php?rest_route=\/wp\/v2\/posts\/67125\/revisions"}],"wp:featuredmedia":[{"embeddable":true,"href":"https:\/\/jugulajm.net\/index.php?rest_route=\/wp\/v2\/media\/51462"}],"wp:attachment":[{"href":"https:\/\/jugulajm.net\/index.php?rest_route=%2Fwp%2Fv2%2Fmedia&parent=67125"}],"wp:term":[{"taxonomy":"category","embeddable":true,"href":"https:\/\/jugulajm.net\/index.php?rest_route=%2Fwp%2Fv2%2Fcategories&post=67125"},{"taxonomy":"post_tag","embeddable":true,"href":"https:\/\/jugulajm.net\/index.php?rest_route=%2Fwp%2Fv2%2Ftags&post=67125"}],"curies":[{"name":"wp","href":"https:\/\/api.w.org\/{rel}","templated":true}]}}