{"id":67092,"date":"2023-10-30T13:54:20","date_gmt":"2023-10-30T12:54:20","guid":{"rendered":"https:\/\/jugulajm.net\/?p=67092"},"modified":"2023-10-30T13:55:03","modified_gmt":"2023-10-30T12:55:03","slug":"emri-tjeter-kryebashkiak-socialist-ne-rrjeten-e-spak","status":"publish","type":"post","link":"https:\/\/jugulajm.net\/?p=67092","title":{"rendered":"EMRI\/ Tjet\u00ebr kryebashkiak socialist n\u00eb &#8221;rrjet\u00ebn&#8221; e SPAK"},"content":{"rendered":"<p>Kryebashkiaku i Kamz\u00ebs, Rakip Suli, do t\u00eb paraqitet dit\u00ebn e m\u00ebrkur\u00eb, n\u00eb or\u00ebn 10:00 n\u00eb dyert e Prokuroris\u00eb s\u00eb Posa\u00e7me, me k\u00ebrkes\u00eb t\u00eb k\u00ebsaj t\u00eb fundit, p\u00ebr t\u2019u marr\u00eb n\u00eb pyetje nga prokuror\u00ebt e SPAK<\/p>\n<p>Burime b\u00ebjn\u00eb me dije se Rakip Suli do t\u00eb pyetet p\u00ebr t\u00eb dh\u00ebn\u00eb versionin e tij mbi hetimet q\u00eb po kryen p\u00ebr d\u00ebmshp\u00ebrblimet e t\u00ebrmetit. SPAK, po kryen hetime ndaj kryebashkiakut dhe zyrtar\u00ebve t\u00eb bashkis\u00eb, \u201cUshtrim i ndikimit t\u00eb paligjsh\u00ebm ndaj personave q\u00eb ushtrojn\u00eb funksione publike\u201d, \u201cShp\u00ebrdorimi i detyr\u00ebs\u201d, \u201cShkelja e barazis\u00eb s\u00eb pjes\u00ebmarr\u00ebsve n\u00eb tendera apo ankande publike\u201d dhe \u201cKorrupsioni pasiv i personave q\u00eb ushtrojn\u00eb funksione publike.<\/p>\n","protected":false},"excerpt":{"rendered":"<p>Kryebashkiaku i Kamz\u00ebs, Rakip Suli, do t\u00eb paraqitet dit\u00ebn e m\u00ebrkur\u00eb, n\u00eb or\u00ebn 10:00 n\u00eb dyert e Prokuroris\u00eb s\u00eb Posa\u00e7me, me k\u00ebrkes\u00eb t\u00eb k\u00ebsaj t\u00eb fundit, p\u00ebr t\u2019u marr\u00eb n\u00eb pyetje nga prokuror\u00ebt e SPAK Burime b\u00ebjn\u00eb me dije se Rakip Suli do t\u00eb pyetet p\u00ebr t\u00eb dh\u00ebn\u00eb versionin e tij mbi hetimet q\u00eb po [&hellip;]<\/p>\n","protected":false},"author":5,"featured_media":52047,"comment_status":"closed","ping_status":"closed","sticky":false,"template":"","format":"standard","meta":{"footnotes":""},"categories":[1,6326,6332],"tags":[27291],"class_list":{"0":"post-67092","1":"post","2":"type-post","3":"status-publish","4":"format-standard","5":"has-post-thumbnail","7":"category-aktualitet","8":"category-politike","9":"category-te-fundit","10":"tag-emri-tjeter-kryebashkiak-socialist-ne-rrjeten-e-spak"},"_links":{"self":[{"href":"https:\/\/jugulajm.net\/index.php?rest_route=\/wp\/v2\/posts\/67092","targetHints":{"allow":["GET"]}}],"collection":[{"href":"https:\/\/jugulajm.net\/index.php?rest_route=\/wp\/v2\/posts"}],"about":[{"href":"https:\/\/jugulajm.net\/index.php?rest_route=\/wp\/v2\/types\/post"}],"author":[{"embeddable":true,"href":"https:\/\/jugulajm.net\/index.php?rest_route=\/wp\/v2\/users\/5"}],"replies":[{"embeddable":true,"href":"https:\/\/jugulajm.net\/index.php?rest_route=%2Fwp%2Fv2%2Fcomments&post=67092"}],"version-history":[{"count":0,"href":"https:\/\/jugulajm.net\/index.php?rest_route=\/wp\/v2\/posts\/67092\/revisions"}],"wp:featuredmedia":[{"embeddable":true,"href":"https:\/\/jugulajm.net\/index.php?rest_route=\/wp\/v2\/media\/52047"}],"wp:attachment":[{"href":"https:\/\/jugulajm.net\/index.php?rest_route=%2Fwp%2Fv2%2Fmedia&parent=67092"}],"wp:term":[{"taxonomy":"category","embeddable":true,"href":"https:\/\/jugulajm.net\/index.php?rest_route=%2Fwp%2Fv2%2Fcategories&post=67092"},{"taxonomy":"post_tag","embeddable":true,"href":"https:\/\/jugulajm.net\/index.php?rest_route=%2Fwp%2Fv2%2Ftags&post=67092"}],"curies":[{"name":"wp","href":"https:\/\/api.w.org\/{rel}","templated":true}]}}