{"id":66991,"date":"2023-10-28T13:04:06","date_gmt":"2023-10-28T11:04:06","guid":{"rendered":"https:\/\/jugulajm.net\/?p=66991"},"modified":"2023-10-28T13:04:06","modified_gmt":"2023-10-28T11:04:06","slug":"video-zv-ministri-i-jashtem-grek-flet-nga-kelcyra-uroj-te-zgjidhet-sa-me-shpejt-ceshtja-beleri","status":"publish","type":"post","link":"https:\/\/jugulajm.net\/?p=66991","title":{"rendered":"VIDEO\/ Zv-ministri i jasht\u00ebm grek flet nga K\u00eblcyra: Uroj t\u00eb zgjidhet sa m\u00eb shpejt \u00e7\u00ebshtja Beleri"},"content":{"rendered":"<p>N\u00eb varrezat e ushtar\u00ebve grek\u00eb n\u00eb K\u00eblcyr\u00eb \u00ebsht\u00eb zhvilluar ceremonia n\u00eb nderim t\u00eb JO-s\u00eb s\u00eb Greqis\u00eb kund\u00ebr fazhizmit italian.<\/p>\n<p>N\u00eb 28 tetor 1940 Greqia i deklaroi &#8220;JO&#8221; pushtimit italian, duke nisur luft\u00ebn italo -greke.<\/p>\n<p>N\u00eb varrezat e K\u00eblcyres, ku ndodhen nje pjese e eshtrave t\u00eb ushtareve greke te rene ne kete lufte, u zhvillua ceremonia ne nderim te tyre, ku te pranishem ishin zvministri i jashtem grek, ambasadorja e Greqise ne Tirane, etj.<\/p>\n<p>Nder te tjera zv\/ministri grek eshte shprehur: &#8221; Ashtu sic eshte diskutuar marreveshja dy paleshe per eshtrat, te njejtin bashkepunim kerkojme per ceshtjen Bleri.<\/p>\n<p>Kjo, me qellim qe te mos vazhdoje te ndikoje negativisht n\u00eb marredheniet mes dy vendeve.<\/p>\n<p>Ashtu sic eshte theksuar nga kryeministri Mitcotaqis, Fredi Beleri ka te drejte te betohet si kryetar i bashkise se Himares, e drejte qe buron nga kushtetuta dhe eshte absolutisht korrekte me te drejten europiane.<\/p>\n<p>Greqi mbeshtet ne menyre te palekundur hyrjen e Shqiperise ne BE por kjo nenkupton respektimin e shtet ligjor&#8221;.<\/p>\n","protected":false},"excerpt":{"rendered":"<p>N\u00eb varrezat e ushtar\u00ebve grek\u00eb n\u00eb K\u00eblcyr\u00eb \u00ebsht\u00eb zhvilluar ceremonia n\u00eb nderim t\u00eb JO-s\u00eb s\u00eb Greqis\u00eb kund\u00ebr fazhizmit italian. N\u00eb 28 tetor 1940 Greqia i deklaroi &#8220;JO&#8221; pushtimit italian, duke nisur luft\u00ebn italo -greke. N\u00eb varrezat e K\u00eblcyres, ku ndodhen nje pjese e eshtrave t\u00eb ushtareve greke te rene ne kete lufte, u zhvillua ceremonia [&hellip;]<\/p>\n","protected":false},"author":5,"featured_media":66992,"comment_status":"closed","ping_status":"closed","sticky":false,"template":"","format":"video","meta":{"footnotes":""},"categories":[1,6332,26832],"tags":[27251],"class_list":{"0":"post-66991","1":"post","2":"type-post","3":"status-publish","4":"format-video","5":"has-post-thumbnail","7":"category-aktualitet","8":"category-te-fundit","9":"category-video","10":"tag-video-zv-ministri-i-jashtem-grek-flet-nga-kelcyra-uroj-te-zgjidhet-sa-me-shpejt-ceshtja-beleri","11":"post_format-post-format-video"},"_links":{"self":[{"href":"https:\/\/jugulajm.net\/index.php?rest_route=\/wp\/v2\/posts\/66991","targetHints":{"allow":["GET"]}}],"collection":[{"href":"https:\/\/jugulajm.net\/index.php?rest_route=\/wp\/v2\/posts"}],"about":[{"href":"https:\/\/jugulajm.net\/index.php?rest_route=\/wp\/v2\/types\/post"}],"author":[{"embeddable":true,"href":"https:\/\/jugulajm.net\/index.php?rest_route=\/wp\/v2\/users\/5"}],"replies":[{"embeddable":true,"href":"https:\/\/jugulajm.net\/index.php?rest_route=%2Fwp%2Fv2%2Fcomments&post=66991"}],"version-history":[{"count":0,"href":"https:\/\/jugulajm.net\/index.php?rest_route=\/wp\/v2\/posts\/66991\/revisions"}],"wp:featuredmedia":[{"embeddable":true,"href":"https:\/\/jugulajm.net\/index.php?rest_route=\/wp\/v2\/media\/66992"}],"wp:attachment":[{"href":"https:\/\/jugulajm.net\/index.php?rest_route=%2Fwp%2Fv2%2Fmedia&parent=66991"}],"wp:term":[{"taxonomy":"category","embeddable":true,"href":"https:\/\/jugulajm.net\/index.php?rest_route=%2Fwp%2Fv2%2Fcategories&post=66991"},{"taxonomy":"post_tag","embeddable":true,"href":"https:\/\/jugulajm.net\/index.php?rest_route=%2Fwp%2Fv2%2Ftags&post=66991"}],"curies":[{"name":"wp","href":"https:\/\/api.w.org\/{rel}","templated":true}]}}