{"id":66943,"date":"2023-10-27T12:03:31","date_gmt":"2023-10-27T10:03:31","guid":{"rendered":"https:\/\/jugulajm.net\/?p=66943"},"modified":"2023-10-27T12:03:31","modified_gmt":"2023-10-27T10:03:31","slug":"mitsotakis-injoron-ramen-nuk-vjen-ne-inagurimin-e-bustit-dhe-sheshit-me-emrin-e-babait-te-tij-ne-dropull","status":"publish","type":"post","link":"https:\/\/jugulajm.net\/?p=66943","title":{"rendered":"Mitsotakis injoron Ram\u00ebn, nuk vjen n\u00eb inagurimin e bustit dhe sheshit me emrin e babait t\u00eb tij n\u00eb Dropull"},"content":{"rendered":"<p>Kryeministri Edi Rama ishte paraditen e sotme n\u00eb Dropull.<\/p>\n<p>Inauguroi sheshin e rikonstruktuar t\u00eb Dervi\u00e7anit, i cili do t\u00eb mbaj\u00eb bustin dhe emrin e Konstantinos Mitsotakis, i pari kryeminist\u00ebr i Greqis\u00eb q\u00eb vizitoi Dropullin.<\/p>\n<p>Ajo qe ra ne sy ishte mungesa e familjareve te ish-kryeministrit grek Mitsotakis, si e Kyriakos, djalit qe sot eshte kryeminister i Greqise, ashtu edhe Doras, vajzes, ish-ministre e jashtme e Greqise.<\/p>\n<p>Edi Rama tha se \u201cbusti i tij do t\u00eb q\u00ebndroj\u00eb si sh\u00ebmb\u00eblltyra e t\u00eb v\u00ebrtet\u00ebs historike, se ajo q\u00eb i bashkon qysh n\u00eb lindje t\u00eb koh\u00ebrave popujt e vendet tona \u00ebsht\u00eb p\u00ebrjet\u00ebsisht m\u00eb e madhe, se sa \u00e7far\u00eb do qoft\u00eb mund t\u2019i ket\u00eb ndar\u00eb a ndaj\u00eb p\u00ebrkoh\u00ebsisht, p\u00ebr arsyet e mosarsyes s\u00eb politik\u00ebs\u201d tha ai, q\u00eb duket se referimi i shkon faktit q\u00eb kryeministri aktual i Greqis\u00eb, Kyriakos Mitsotakis, djali i Konstantinos Mitsotakis, q\u00eb iu ngrit busti nuk erdhi ishte fjala 22 Dhjetorin e vitit t\u00eb kaluar, kur kreu i qeveris\u00eb s\u00eb vendit fqinj ishte n\u00eb k\u00ebt\u00eb shesh.<\/p>\n<p>\u00c7\u00ebshtja e arrestimit t\u00eb Fredi Belerit ndau thell\u00eb pal\u00ebt duke i futur pal\u00ebt n\u00eb nj\u00eb kurs p\u00ebrplasje.<\/p>\n","protected":false},"excerpt":{"rendered":"<p>Kryeministri Edi Rama ishte paraditen e sotme n\u00eb Dropull. Inauguroi sheshin e rikonstruktuar t\u00eb Dervi\u00e7anit, i cili do t\u00eb mbaj\u00eb bustin dhe emrin e Konstantinos Mitsotakis, i pari kryeminist\u00ebr i Greqis\u00eb q\u00eb vizitoi Dropullin. Ajo qe ra ne sy ishte mungesa e familjareve te ish-kryeministrit grek Mitsotakis, si e Kyriakos, djalit qe sot eshte kryeminister [&hellip;]<\/p>\n","protected":false},"author":5,"featured_media":66944,"comment_status":"closed","ping_status":"closed","sticky":false,"template":"","format":"standard","meta":{"footnotes":""},"categories":[1,6326,6332],"tags":[27229,27230],"class_list":{"0":"post-66943","1":"post","2":"type-post","3":"status-publish","4":"format-standard","5":"has-post-thumbnail","7":"category-aktualitet","8":"category-politike","9":"category-te-fundit","10":"tag-mitsotakis-injoron-ramen","11":"tag-nuk-vjen-ne-inagurimin-e-bustit-dhe-sheshit-me-emrin-e-babait-te-tij-ne-dropull"},"_links":{"self":[{"href":"https:\/\/jugulajm.net\/index.php?rest_route=\/wp\/v2\/posts\/66943","targetHints":{"allow":["GET"]}}],"collection":[{"href":"https:\/\/jugulajm.net\/index.php?rest_route=\/wp\/v2\/posts"}],"about":[{"href":"https:\/\/jugulajm.net\/index.php?rest_route=\/wp\/v2\/types\/post"}],"author":[{"embeddable":true,"href":"https:\/\/jugulajm.net\/index.php?rest_route=\/wp\/v2\/users\/5"}],"replies":[{"embeddable":true,"href":"https:\/\/jugulajm.net\/index.php?rest_route=%2Fwp%2Fv2%2Fcomments&post=66943"}],"version-history":[{"count":0,"href":"https:\/\/jugulajm.net\/index.php?rest_route=\/wp\/v2\/posts\/66943\/revisions"}],"wp:featuredmedia":[{"embeddable":true,"href":"https:\/\/jugulajm.net\/index.php?rest_route=\/wp\/v2\/media\/66944"}],"wp:attachment":[{"href":"https:\/\/jugulajm.net\/index.php?rest_route=%2Fwp%2Fv2%2Fmedia&parent=66943"}],"wp:term":[{"taxonomy":"category","embeddable":true,"href":"https:\/\/jugulajm.net\/index.php?rest_route=%2Fwp%2Fv2%2Fcategories&post=66943"},{"taxonomy":"post_tag","embeddable":true,"href":"https:\/\/jugulajm.net\/index.php?rest_route=%2Fwp%2Fv2%2Ftags&post=66943"}],"curies":[{"name":"wp","href":"https:\/\/api.w.org\/{rel}","templated":true}]}}