{"id":66861,"date":"2023-10-25T08:57:44","date_gmt":"2023-10-25T06:57:44","guid":{"rendered":"https:\/\/jugulajm.net\/?p=66861"},"modified":"2023-10-25T08:57:44","modified_gmt":"2023-10-25T06:57:44","slug":"foto-aksident-mercedes-i-del-nga-rruga-perfundon-ne-kanal","status":"publish","type":"post","link":"https:\/\/jugulajm.net\/?p=66861","title":{"rendered":"FOTO\/ Aksident, \u201cMercedes\u201d-i del nga rruga, p\u00ebrfundon n\u00eb kanal"},"content":{"rendered":"<p>Nj\u00eb aksident n\u00eb aksin Kor\u00e7\u00eb-Pogradec \u00ebsht\u00eb regjistruar m\u00ebngjesin e sot\u00ebm.<\/p>\n<p>M\u00ebsohet se ngjarja ka ndodhur\u00a0 n\u00eb af\u00ebrsi t\u00eb fshatit Velit\u00ebrn\u00eb ku nj\u00eb makin\u00eb tip \u201cMercedes\u201d ka dal\u00eb nga rruga duke u p\u00ebrplasur me trafikndar\u00ebsen dhe m\u00eb pas ka r\u00ebn\u00eb ne kanal.<\/p>\n<p>Dyshohet se shkaqet e aksidentit kan\u00eb qen\u00eb shpejt\u00ebsia e lart\u00eb dhe nj\u00eb parakalim i gabuar, i cili i \u00ebsht\u00eb kryer nga drejtuesi i mjetit n\u00eb momentin e aksidentit.<\/p>\n<p>Policia po punon p\u00ebr zbardhjen e shkaqeve t\u00eb aksidenti.<\/p>\n","protected":false},"excerpt":{"rendered":"<p>Nj\u00eb aksident n\u00eb aksin Kor\u00e7\u00eb-Pogradec \u00ebsht\u00eb regjistruar m\u00ebngjesin e sot\u00ebm. M\u00ebsohet se ngjarja ka ndodhur\u00a0 n\u00eb af\u00ebrsi t\u00eb fshatit Velit\u00ebrn\u00eb ku nj\u00eb makin\u00eb tip \u201cMercedes\u201d ka dal\u00eb nga rruga duke u p\u00ebrplasur me trafikndar\u00ebsen dhe m\u00eb pas ka r\u00ebn\u00eb ne kanal. Dyshohet se shkaqet e aksidentit kan\u00eb qen\u00eb shpejt\u00ebsia e lart\u00eb dhe nj\u00eb parakalim i [&hellip;]<\/p>\n","protected":false},"author":5,"featured_media":66862,"comment_status":"closed","ping_status":"closed","sticky":false,"template":"","format":"standard","meta":{"footnotes":""},"categories":[1,6332],"tags":[27193,23153,27194],"class_list":{"0":"post-66861","1":"post","2":"type-post","3":"status-publish","4":"format-standard","5":"has-post-thumbnail","7":"category-aktualitet","8":"category-te-fundit","9":"tag-mercedes-i-del-nga-rruga","10":"tag-foto-aksident","11":"tag-perfundon-ne-kanal"},"_links":{"self":[{"href":"https:\/\/jugulajm.net\/index.php?rest_route=\/wp\/v2\/posts\/66861","targetHints":{"allow":["GET"]}}],"collection":[{"href":"https:\/\/jugulajm.net\/index.php?rest_route=\/wp\/v2\/posts"}],"about":[{"href":"https:\/\/jugulajm.net\/index.php?rest_route=\/wp\/v2\/types\/post"}],"author":[{"embeddable":true,"href":"https:\/\/jugulajm.net\/index.php?rest_route=\/wp\/v2\/users\/5"}],"replies":[{"embeddable":true,"href":"https:\/\/jugulajm.net\/index.php?rest_route=%2Fwp%2Fv2%2Fcomments&post=66861"}],"version-history":[{"count":0,"href":"https:\/\/jugulajm.net\/index.php?rest_route=\/wp\/v2\/posts\/66861\/revisions"}],"wp:featuredmedia":[{"embeddable":true,"href":"https:\/\/jugulajm.net\/index.php?rest_route=\/wp\/v2\/media\/66862"}],"wp:attachment":[{"href":"https:\/\/jugulajm.net\/index.php?rest_route=%2Fwp%2Fv2%2Fmedia&parent=66861"}],"wp:term":[{"taxonomy":"category","embeddable":true,"href":"https:\/\/jugulajm.net\/index.php?rest_route=%2Fwp%2Fv2%2Fcategories&post=66861"},{"taxonomy":"post_tag","embeddable":true,"href":"https:\/\/jugulajm.net\/index.php?rest_route=%2Fwp%2Fv2%2Ftags&post=66861"}],"curies":[{"name":"wp","href":"https:\/\/api.w.org\/{rel}","templated":true}]}}