{"id":66790,"date":"2023-10-23T10:19:08","date_gmt":"2023-10-23T08:19:08","guid":{"rendered":"https:\/\/jugulajm.net\/?p=66790"},"modified":"2023-10-23T10:20:38","modified_gmt":"2023-10-23T08:20:38","slug":"emri-foto-sarande-u-veteplagos-me-kallashnikov-i-zbulohet-parcela-me-droge","status":"publish","type":"post","link":"https:\/\/jugulajm.net\/?p=66790","title":{"rendered":"EMRI-FOTO\/ Sarand\u00eb, u vet\u00ebplagos me kallashnikov, i zbulohet parcela me drog\u00eb"},"content":{"rendered":"<p>33 vje\u00e7arit Hekuran Murtaj, banues n\u00eb fshatin Stjar t\u00eb Delvin\u00ebs, i cili u arrestua disa dit\u00eb m\u00eb par\u00eb nga policia e Sarand\u00ebs p\u00ebr \u201cmbajtje pa leje t\u00eb arm\u00ebve luftarake dhe municioneve\u201d, i \u00ebsht\u00eb zbuluar edhe nj\u00eb parcel\u00eb me l\u00ebnd\u00eb narkotike \u201ccannabis sativa\u201d.<\/p>\n<p>Murtaj shkoi i plagosur n\u00eb spitalin e Sarand\u00ebs m\u00eb 20 shtator, duke deklaruar se i kishte plasur nj\u00eb fishek q\u00eb e kishte gjetur n\u00eb fush\u00eb dhe e kishte goditur me gur. Hetimet e policis\u00eb s\u00eb Sarand\u00ebs zbuluan se Murtaj ishte plagosur n\u00eb Livadhja e Bashkis\u00eb Finiq, nga shkrepa e nj\u00eb arm\u00eb zjarri \u201cKallashnikov\u201d q\u00eb ai e mbante pa leje.<\/p>\n<p>Pas plagosjes, v\u00ebllai dhe nj\u00eb shok i tij ishin siguruar p\u00ebr fshehjen e arm\u00ebs s\u00eb zjarrit p\u00ebr t\u00eb mos u zbuluar nga policia. Megjithat\u00eb, gjat\u00eb kontrollit t\u00eb nj\u00eb celulari, policia u p\u00ebrball edhe me nj\u00eb tjet\u00ebr vep\u00ebr penale. Si\u00e7 zbulohet nga aktet gjyq\u00ebsore n\u00eb vendimin p\u00ebr caktimin e mas\u00ebs s\u00eb siguris\u00eb: \u201cGjat\u00eb k\u00ebqyrjes q\u00eb i b\u00ebhet fotove dhe videove t\u00eb regjistruara gjendet edhe nj\u00eb video e regjistruar n\u00eb dat\u00ebn 2 Gusht 2023, 17 sekonda e cila tregon disa bim\u00eb t\u00eb dyshuara narkotike &#8220;cannabis sativa&#8221; n\u00eb mes t\u00eb disa shkurreve dhe nj\u00eb video tjet\u00ebr 23 sekonda e cila tregon t\u00eb nj\u00ebjta pamje.<\/p>\n<p>Nga ana e policis\u00eb gjyq\u00ebsore jan\u00eb ushtruar kontrolle n\u00eb zonat dhe fushat midis fshatit Vagalat e Grav\u00eb me dron dhe u gjet vendi ku ishin kultivuar bim\u00ebt e dyshuara narkotike, t\u00eb cilat ndodheshin n\u00eb skarpat\u00ebn e lumit Pavilo n\u00eb an\u00eb t\u00eb fushave me mis\u00ebr i cili gjendet n\u00eb af\u00ebrsi t\u00eb kodr\u00ebs i quajtur Manzat n\u00eb tre territore t\u00eb barabarta larguar nga nj\u00ebra tjetra ku n\u00eb to gjenden 42 bim\u00eb t\u00eb dyshuara narkotike &#8220;Cannabis Sativa&#8221;.<\/p>\n<p>Nga k\u00ebto 7 bim\u00eb u mor\u00ebn me cil\u00ebsin\u00eb e prov\u00ebs materiale dhe u mbyll\u00ebn n\u00eb qesen e prov\u00ebs me num\u00ebr serial unik C20013630 dhe u d\u00ebrguan p\u00ebr ekspertiz\u00eb. Pjesa tjet\u00ebr e bim\u00ebve u asgj\u00ebsuan n\u00ebp\u00ebrmjet zjarrit. N\u00eb k\u00ebt\u00eb territor ku u gjend\u00ebn bim\u00ebt narkotike u gjet\u00ebn dhe u sekuestruan me cil\u00ebsi e prov\u00ebs materiale nj\u00eb bidon plastik 0.5 L me mbishkrimin &#8220;ZAGORI&#8221;, dy qese plasmasi me ngjyr\u00eb t\u00eb bardh\u00eb, si dhe disa rroba t\u00eb cilat u d\u00ebrguan p\u00ebr ekzaminim laboratorik\u201d.<\/p>\n<p>Megjithat\u00eb Prokuroria duket se ende nuk ka ngritur akuz\u00ebn e \u201ckultivimit t\u00eb bim\u00ebve narkotike\u201d ndaj Murtajt, n\u00eb pritje t\u00eb ekspertiz\u00ebs nga Tirana. Ai nd\u00ebrkoh\u00eb \u00ebsht\u00eb l\u00ebn\u00eb n\u00eb mas\u00ebn \u201cArrest n\u00eb burg\u201d nga Gjykata p\u00ebr vepr\u00ebn penale \u201cmbajtje pa leje t\u00eb arm\u00ebve luftarake dhe municionit\u201d, nd\u00ebrkoh\u00eb q\u00eb shoku i tij Luan Ramaj \u00ebsht\u00eb n\u00eb mas\u00ebn \u201cArrest n\u00eb sht\u00ebpi\u201d nd\u00ebrsa i v\u00ebllai Mullez Murtaj \u00ebsht\u00eb l\u00ebn\u00eb i lir\u00eb n\u00eb mas\u00ebn \u201cdetyrim paraqitje\u201d.<\/p>\n","protected":false},"excerpt":{"rendered":"<p>33 vje\u00e7arit Hekuran Murtaj, banues n\u00eb fshatin Stjar t\u00eb Delvin\u00ebs, i cili u arrestua disa dit\u00eb m\u00eb par\u00eb nga policia e Sarand\u00ebs p\u00ebr \u201cmbajtje pa leje t\u00eb arm\u00ebve luftarake dhe municioneve\u201d, i \u00ebsht\u00eb zbuluar edhe nj\u00eb parcel\u00eb me l\u00ebnd\u00eb narkotike \u201ccannabis sativa\u201d. Murtaj shkoi i plagosur n\u00eb spitalin e Sarand\u00ebs m\u00eb 20 shtator, duke deklaruar [&hellip;]<\/p>\n","protected":false},"author":5,"featured_media":66791,"comment_status":"closed","ping_status":"closed","sticky":false,"template":"","format":"standard","meta":{"footnotes":""},"categories":[1,6332],"tags":[27144,27146,27145],"class_list":{"0":"post-66790","1":"post","2":"type-post","3":"status-publish","4":"format-standard","5":"has-post-thumbnail","7":"category-aktualitet","8":"category-te-fundit","9":"tag-emri-foto-sarande","10":"tag-i-zbulohet-parcela-me-droge","11":"tag-u-veteplagos-me-kallashnikov"},"_links":{"self":[{"href":"https:\/\/jugulajm.net\/index.php?rest_route=\/wp\/v2\/posts\/66790","targetHints":{"allow":["GET"]}}],"collection":[{"href":"https:\/\/jugulajm.net\/index.php?rest_route=\/wp\/v2\/posts"}],"about":[{"href":"https:\/\/jugulajm.net\/index.php?rest_route=\/wp\/v2\/types\/post"}],"author":[{"embeddable":true,"href":"https:\/\/jugulajm.net\/index.php?rest_route=\/wp\/v2\/users\/5"}],"replies":[{"embeddable":true,"href":"https:\/\/jugulajm.net\/index.php?rest_route=%2Fwp%2Fv2%2Fcomments&post=66790"}],"version-history":[{"count":0,"href":"https:\/\/jugulajm.net\/index.php?rest_route=\/wp\/v2\/posts\/66790\/revisions"}],"wp:featuredmedia":[{"embeddable":true,"href":"https:\/\/jugulajm.net\/index.php?rest_route=\/wp\/v2\/media\/66791"}],"wp:attachment":[{"href":"https:\/\/jugulajm.net\/index.php?rest_route=%2Fwp%2Fv2%2Fmedia&parent=66790"}],"wp:term":[{"taxonomy":"category","embeddable":true,"href":"https:\/\/jugulajm.net\/index.php?rest_route=%2Fwp%2Fv2%2Fcategories&post=66790"},{"taxonomy":"post_tag","embeddable":true,"href":"https:\/\/jugulajm.net\/index.php?rest_route=%2Fwp%2Fv2%2Ftags&post=66790"}],"curies":[{"name":"wp","href":"https:\/\/api.w.org\/{rel}","templated":true}]}}