{"id":66730,"date":"2023-10-21T17:21:07","date_gmt":"2023-10-21T15:21:07","guid":{"rendered":"https:\/\/jugulajm.net\/?p=66730"},"modified":"2023-10-21T17:24:15","modified_gmt":"2023-10-21T15:24:15","slug":"gazetarja-lala-jane-shume-kryebashkiake-te-tjere-ne-hetim-nga-spak","status":"publish","type":"post","link":"https:\/\/jugulajm.net\/?p=66730","title":{"rendered":"Gazetarja Lala: Jan\u00eb shum\u00eb kryebashkiak\u00eb t\u00eb tjer\u00eb n\u00eb hetim nga SPAK"},"content":{"rendered":"<p>Gazetarja Klodiana Lala ishte e ftuar n\u00eb emisionin \u201cBreaking\u201d, ku ka folur n\u00eb lidhje me hetimin e nisur nga SPAK, ndaj kryebashkiakut t\u00eb Rrogozhin\u00ebs, Edison Memolla.<\/p>\n<p>Lala deklaroi se Memolla, ashtu si Beleri, akuzohet p\u00eb shit-blerje votash p\u00ebr zgjedhjet e 14 majit, megjithat\u00eb \u00e7\u00ebshtjet e tyre nuk kan\u00eb lidhje.<\/p>\n<p>Ajo deklaroi se jan\u00eb shum\u00eb kryebashkiak\u00eb q\u00eb jan\u00eb n\u00ebn hetim, e po ashtu pritet publikimi i zyrtar\u00ebve t\u00eb tjer\u00eb lokal\u00eb p\u00ebr t\u00eb cil\u00ebt SPAK do nis\u00eb hetim.<\/p>\n<p>\u201cKa shum\u00eb ish-kryebashkiak\u00eb apo kryetar\u00eb aktual\u00eb q\u00eb jan\u00eb n\u00ebn hetim, apo q\u00eb do t\u00eb hetohen. Si t\u00eb thuash, \u00ebsht\u00eb b\u00ebr\u00eb si nj\u00eb qeveri q\u00eb ndodhet n\u00eb burg apo jan\u00eb n\u00ebn hetim. Jan\u00eb shm\u00eb emra, kryebashkiaku i Kruj\u00ebs, i Rrogozhin\u00ebs, ish-kryebashkiaku i Durr\u00ebsit Vangjush Dako etj. P\u00ebr mua shit-blerja e vot\u00ebs duhet t\u00eb ket\u00eb prioritet nga t\u00eb gjitha k\u00ebto akuza.&#8221;- u shpreh gazetarja Lala.<\/p>\n","protected":false},"excerpt":{"rendered":"<p>Gazetarja Klodiana Lala ishte e ftuar n\u00eb emisionin \u201cBreaking\u201d, ku ka folur n\u00eb lidhje me hetimin e nisur nga SPAK, ndaj kryebashkiakut t\u00eb Rrogozhin\u00ebs, Edison Memolla. Lala deklaroi se Memolla, ashtu si Beleri, akuzohet p\u00eb shit-blerje votash p\u00ebr zgjedhjet e 14 majit, megjithat\u00eb \u00e7\u00ebshtjet e tyre nuk kan\u00eb lidhje. Ajo deklaroi se jan\u00eb shum\u00eb kryebashkiak\u00eb [&hellip;]<\/p>\n","protected":false},"author":5,"featured_media":46159,"comment_status":"closed","ping_status":"closed","sticky":false,"template":"","format":"standard","meta":{"footnotes":""},"categories":[1,6326,6332],"tags":[27116],"class_list":{"0":"post-66730","1":"post","2":"type-post","3":"status-publish","4":"format-standard","5":"has-post-thumbnail","7":"category-aktualitet","8":"category-politike","9":"category-te-fundit","10":"tag-gazetarja-lala-jane-shume-kryebashkiake-te-tjere-ne-hetim-nga-spak"},"_links":{"self":[{"href":"https:\/\/jugulajm.net\/index.php?rest_route=\/wp\/v2\/posts\/66730","targetHints":{"allow":["GET"]}}],"collection":[{"href":"https:\/\/jugulajm.net\/index.php?rest_route=\/wp\/v2\/posts"}],"about":[{"href":"https:\/\/jugulajm.net\/index.php?rest_route=\/wp\/v2\/types\/post"}],"author":[{"embeddable":true,"href":"https:\/\/jugulajm.net\/index.php?rest_route=\/wp\/v2\/users\/5"}],"replies":[{"embeddable":true,"href":"https:\/\/jugulajm.net\/index.php?rest_route=%2Fwp%2Fv2%2Fcomments&post=66730"}],"version-history":[{"count":0,"href":"https:\/\/jugulajm.net\/index.php?rest_route=\/wp\/v2\/posts\/66730\/revisions"}],"wp:featuredmedia":[{"embeddable":true,"href":"https:\/\/jugulajm.net\/index.php?rest_route=\/wp\/v2\/media\/46159"}],"wp:attachment":[{"href":"https:\/\/jugulajm.net\/index.php?rest_route=%2Fwp%2Fv2%2Fmedia&parent=66730"}],"wp:term":[{"taxonomy":"category","embeddable":true,"href":"https:\/\/jugulajm.net\/index.php?rest_route=%2Fwp%2Fv2%2Fcategories&post=66730"},{"taxonomy":"post_tag","embeddable":true,"href":"https:\/\/jugulajm.net\/index.php?rest_route=%2Fwp%2Fv2%2Ftags&post=66730"}],"curies":[{"name":"wp","href":"https:\/\/api.w.org\/{rel}","templated":true}]}}