{"id":66661,"date":"2023-10-19T22:30:22","date_gmt":"2023-10-19T20:30:22","guid":{"rendered":"https:\/\/jugulajm.net\/?p=66661"},"modified":"2023-10-19T22:30:52","modified_gmt":"2023-10-19T20:30:52","slug":"deklaron-rama-ja-se-kur-kam-komunikuar-per-here-te-fundit-me-arben-ahmetajn","status":"publish","type":"post","link":"https:\/\/jugulajm.net\/?p=66661","title":{"rendered":"Rama deklaron: Ja se kur kam komunikuar p\u00ebr her\u00eb t\u00eb fundit me Arben Ahmetajn"},"content":{"rendered":"<p>Kryeministri Edi Rama thot\u00eb se nuk ka dijeni se ku ndodhet ish-z\u00ebvend\u00ebskryeministri Arben Ahmetaj, i cili \u00ebsht\u00eb shpallur n\u00eb k\u00ebrkim nga drejt\u00ebsia p\u00ebr \u00e7\u00ebshtjen e incenerator\u00ebve.<\/p>\n<div class=\"insertion-box\">\n<div class=\"\">\n<div id=\"t65319085e8126\" data-p=\"100\">\n<div class=\"medianative\" data-reklama=\"Neptun Alfapress\">N\u00eb emisionin \u201cOpinion\u201d, Rama tha se me Ahmetaj ka komunikuar p\u00ebr her\u00eb t\u00eb fundit para shum\u00eb koh\u00ebsh.<\/div>\n<\/div>\n<\/div>\n<\/div>\n<p>Kreu i qeveris\u00eb theksoi se \u00e7do zyrtar q\u00eb p\u00ebrfshihet n\u00eb afera korruptova nuk do e ket\u00eb mbrojtjen e qeveris\u00eb apo t\u00eb PS.<\/p>\n<p><strong>Fevziu:<\/strong> Kush \u00ebsht\u00eb Ahmetaj?<\/p>\n<p><strong>Rama:<\/strong>\u00a0Ish, nuk e di.<\/p>\n<p><strong>Fevziu:<\/strong>\u00a0Keni dijeni se ku ndodhet?<\/p>\n<p><strong>Rama:<\/strong>\u00a0Fare!<\/p>\n<p><strong>Fevziu:<\/strong>\u00a0Kur keni komunikuar p\u00ebr her\u00eb t\u00eb fundit.<\/p>\n<p><strong>Rama<\/strong>: Shum\u00eb koh\u00eb m\u00eb par\u00eb.<\/p>\n<p><strong>Fevziu:<\/strong>\u00a0A kishit dijeni p\u00ebr lidhjet e tij me bos\u00ebt e incenerator\u00ebve? E keni mohuar gjithmon\u00eb..<\/p>\n<p><strong>Rama:<\/strong>\u00a0\u00c7far\u00eb t\u00eb kam th\u00ebn\u00eb e them prap\u00eb. Aferat nuk jan\u00eb pjes\u00eb e q\u00ebllimit t\u00eb p\u00ebrbashk\u00ebt<strong>\u00a0,<\/strong>\u00a0as e planit t\u00eb pun\u00ebs dhe as e gjith\u00eb e atij mundit t\u00eb b\u00ebr\u00eb. Nuk jan\u00eb aferat q\u00eb e kan\u00eb plot\u00ebsuar Elbasanit, por ajo gj\u00ebja atje. N\u00ebn j\u00eb pun\u00eb t\u00eb p\u00ebrbashk\u00ebt, ata q\u00eb duan t\u00eb b\u00ebjn\u00eb nj\u00eb rruge dy pun\u00eb, at\u00ebher\u00eb rrug\u00ebt ndahen. Aferat korruptive brenda asaj pune t\u00eb madhe \u00ebsht\u00eb nj\u00eb afer\u00eb korruptove q\u00eb\u00a0 po merret nj\u00eb organ q\u00eb e kemi krijuar pik\u00ebrisht p\u00ebr k\u00ebt\u00eb pun\u00eb.<\/p>\n","protected":false},"excerpt":{"rendered":"<p>Kryeministri Edi Rama thot\u00eb se nuk ka dijeni se ku ndodhet ish-z\u00ebvend\u00ebskryeministri Arben Ahmetaj, i cili \u00ebsht\u00eb shpallur n\u00eb k\u00ebrkim nga drejt\u00ebsia p\u00ebr \u00e7\u00ebshtjen e incenerator\u00ebve. N\u00eb emisionin \u201cOpinion\u201d, Rama tha se me Ahmetaj ka komunikuar p\u00ebr her\u00eb t\u00eb fundit para shum\u00eb koh\u00ebsh. Kreu i qeveris\u00eb theksoi se \u00e7do zyrtar q\u00eb p\u00ebrfshihet n\u00eb afera korruptova [&hellip;]<\/p>\n","protected":false},"author":5,"featured_media":66662,"comment_status":"closed","ping_status":"closed","sticky":false,"template":"","format":"standard","meta":{"footnotes":""},"categories":[1,6326,6332],"tags":[27075],"class_list":{"0":"post-66661","1":"post","2":"type-post","3":"status-publish","4":"format-standard","5":"has-post-thumbnail","7":"category-aktualitet","8":"category-politike","9":"category-te-fundit","10":"tag-deklaron-rama-ja-se-kur-kam-komunikuar-per-here-te-fundit-me-arben-ahmetajn"},"_links":{"self":[{"href":"https:\/\/jugulajm.net\/index.php?rest_route=\/wp\/v2\/posts\/66661","targetHints":{"allow":["GET"]}}],"collection":[{"href":"https:\/\/jugulajm.net\/index.php?rest_route=\/wp\/v2\/posts"}],"about":[{"href":"https:\/\/jugulajm.net\/index.php?rest_route=\/wp\/v2\/types\/post"}],"author":[{"embeddable":true,"href":"https:\/\/jugulajm.net\/index.php?rest_route=\/wp\/v2\/users\/5"}],"replies":[{"embeddable":true,"href":"https:\/\/jugulajm.net\/index.php?rest_route=%2Fwp%2Fv2%2Fcomments&post=66661"}],"version-history":[{"count":0,"href":"https:\/\/jugulajm.net\/index.php?rest_route=\/wp\/v2\/posts\/66661\/revisions"}],"wp:featuredmedia":[{"embeddable":true,"href":"https:\/\/jugulajm.net\/index.php?rest_route=\/wp\/v2\/media\/66662"}],"wp:attachment":[{"href":"https:\/\/jugulajm.net\/index.php?rest_route=%2Fwp%2Fv2%2Fmedia&parent=66661"}],"wp:term":[{"taxonomy":"category","embeddable":true,"href":"https:\/\/jugulajm.net\/index.php?rest_route=%2Fwp%2Fv2%2Fcategories&post=66661"},{"taxonomy":"post_tag","embeddable":true,"href":"https:\/\/jugulajm.net\/index.php?rest_route=%2Fwp%2Fv2%2Ftags&post=66661"}],"curies":[{"name":"wp","href":"https:\/\/api.w.org\/{rel}","templated":true}]}}