{"id":66650,"date":"2023-10-19T17:43:42","date_gmt":"2023-10-19T15:43:42","guid":{"rendered":"https:\/\/jugulajm.net\/?p=66650"},"modified":"2023-10-19T17:43:42","modified_gmt":"2023-10-19T15:43:42","slug":"emrat-qytetet-ja-kush-jane-40-gjyqtaret-qe-i-shtohen-sistemit-te-drejtesise","status":"publish","type":"post","link":"https:\/\/jugulajm.net\/?p=66650","title":{"rendered":"EMRAT-QYTETET\/ Ja kush jan\u00eb 40 gjyqtar\u00ebt q\u00eb i shtohen sistemit t\u00eb drejt\u00ebsis\u00eb"},"content":{"rendered":"<p>K\u00ebshilli i Lart\u00eb Gjyq\u00ebsor u mblodh t\u00eb enjten dhe vendosi p\u00ebr caktimin n\u00eb pozicione t\u00eb 40 gjyqtar\u00ebve t\u00eb em\u00ebruar nj\u00eb jav\u00eb m\u00eb par\u00eb t\u00eb cil\u00ebt nes\u00ebr do t\u00eb\u00a0kryejn\u00eb betimin. 40 gjyqtar\u00ebt\u00a0e rinj, kan\u00eb p\u00ebrfunduar Shkoll\u00ebn e Magjistratur\u00ebs n\u00eb vitin akademik 2022-2023 dhe do t\u00eb betohen nes\u00ebr n\u00eb ceremonin\u00eb q\u00eb do t\u00eb zhvillohet n\u00eb or\u00ebn 12:00, n\u00eb ambientet e K\u00ebshillit t\u00eb Lart\u00eb Gjyq\u00ebsor.<\/p>\n<p><strong>KLGJ vendosi em\u00ebrimin e gjyqtar\u00ebve:\u00a0<\/strong><br \/>\n1. Znj. Ina Yzellari n\u00eb Gjykat\u00ebn e Shkall\u00ebs s\u00eb Par\u00eb t\u00eb Juridiksionit t\u00eb P\u00ebrgjithsh\u00ebm Elbasan;<br \/>\n2. Z. Klajdi T\u00ebrova n\u00eb Gjykat\u00ebn e Shkall\u00ebs s\u00eb Par\u00eb t\u00eb Juridiksionit t\u00eb P\u00ebrgjithsh\u00ebm Kor\u00e7\u00eb;<br \/>\n3. Znj. Aurora Alimadhi n\u00eb Gjykat\u00ebn e Shkall\u00ebs s\u00eb Par\u00eb t\u00eb Juridiksionit t\u00eb P\u00ebrgjithsh\u00ebm<br \/>\nElbasan;<br \/>\n4. Znj. Olta Cenaj n\u00eb Gjykat\u00ebn e Shkall\u00ebs s\u00eb Par\u00eb t\u00eb Juridiksionit t\u00eb P\u00ebrgjithsh\u00ebm Elbasan;<br \/>\n5. Z. Estjon Venxha n\u00eb Gjykat\u00ebn e Shkall\u00ebs s\u00eb Par\u00eb t\u00eb Juridiksionit t\u00eb P\u00ebrgjithsh\u00ebm Kor\u00e7\u00eb;<br \/>\n6. Znj. Edlira \u00c7ota n\u00eb Gjykat\u00ebn e Shkall\u00ebs s\u00eb Par\u00eb t\u00eb Juridiksionit t\u00eb P\u00ebrgjithsh\u00ebm Lezh\u00eb;<br \/>\n7. Z. Elvis Sulejmani n\u00eb Gjykat\u00ebn e Shkall\u00ebs s\u00eb Par\u00eb t\u00eb Juridiksionit t\u00eb P\u00ebrgjithsh\u00ebm Lezh\u00eb;<br \/>\n8. Z. Vladimir Cjapi n\u00eb Gjykat\u00ebn e Shkall\u00ebs s\u00eb Par\u00eb t\u00eb Juridiksionit t\u00eb P\u00ebrgjithsh\u00ebm Fier;<br \/>\n9. Z. Noel Veizi n\u00eb Gjykat\u00ebn e Shkall\u00ebs s\u00eb Par\u00eb t\u00eb Juridiksionit t\u00eb P\u00ebrgjithsh\u00ebm Fier;<br \/>\n10. Z. Renis Sheshi n\u00eb Gjykat\u00ebn e Shkall\u00ebs s\u00eb Par\u00eb t\u00eb Juridiksionit t\u00eb P\u00ebrgjithsh\u00ebm Lezh\u00eb;<br \/>\n11. Z. Aldi Kareco n\u00eb Gjykat\u00ebn e Shkall\u00ebs s\u00eb Par\u00eb t\u00eb Juridiksionit t\u00eb P\u00ebrgjithsh\u00ebm Lezh\u00eb;<br \/>\n12. Z. Genci Busho n\u00eb Gjykat\u00ebn e Shkall\u00ebs s\u00eb Par\u00eb t\u00eb Juridiksionit t\u00eb P\u00ebrgjithsh\u00ebm Fier;<br \/>\n13. Z. Artan \u00c7irraga n\u00eb Gjykat\u00ebn e Shkall\u00ebs s\u00eb Par\u00eb t\u00eb Juridiksionit t\u00eb P\u00ebrgjithsh\u00ebm Vlor\u00eb;<br \/>\n14. Znj. Alba Ngresi n\u00eb Gjykat\u00ebn e Shkall\u00ebs s\u00eb Par\u00eb t\u00eb Juridiksionit t\u00eb P\u00ebrgjithsh\u00ebm Vlor\u00eb;<br \/>\n15. Znj. Dorentina Mulaj n\u00eb Gjykat\u00ebn Administrative t\u00eb Shkall\u00ebs s\u00eb Par\u00eb Lushnj\u00eb;<br \/>\n16. Znj. Klodiana Kryeziu n\u00eb Gjykat\u00ebn e Shkall\u00ebs s\u00eb Par\u00eb t\u00eb Juridiksionit t\u00eb P\u00ebrgjithsh\u00ebm<br \/>\nFier;<br \/>\n17. Znj. Eranda Cufo n\u00eb Gjykat\u00ebn e Shkall\u00ebs s\u00eb Par\u00eb t\u00eb Juridiksionit t\u00eb P\u00ebrgjithsh\u00ebm Vlor\u00eb;<br \/>\n18. Z. Armand Shkurta n\u00eb Gjykat\u00ebn Administrative t\u00eb Shkall\u00ebs s\u00eb Par\u00eb Lushnj\u00eb;<br \/>\n19. Z. Fjorald Behari n\u00eb Gjykat\u00ebn e Shkall\u00ebs s\u00eb Par\u00eb t\u00eb Juridiksionit t\u00eb P\u00ebrgjithsh\u00ebm Vlor\u00eb;<br \/>\n20. Znj. Edona Vajushi n\u00eb Gjykat\u00ebn e Shkall\u00ebs s\u00eb Par\u00eb t\u00eb Juridiksionit t\u00eb P\u00ebrgjithsh\u00ebm<br \/>\nSarand\u00eb;<br \/>\n21. Znj. Eglantina Biba n\u00eb Gjykat\u00ebn e Shkall\u00ebs s\u00eb Par\u00eb t\u00eb Juridiksionit t\u00eb P\u00ebrgjithsh\u00ebm<br \/>\nLezh\u00eb;<br \/>\n22. Z. Mikel Hysometaj n\u00eb Gjykat\u00ebn e Shkall\u00ebs s\u00eb Par\u00eb t\u00eb Juridiksionit t\u00eb P\u00ebrgjithsh\u00ebm<br \/>\nSarand\u00eb;<br \/>\n23. Znj. Dorina Alushi n\u00eb Gjykat\u00ebn e Shkall\u00ebs s\u00eb Par\u00eb t\u00eb Juridiksionit t\u00eb P\u00ebrgjithsh\u00ebm Fier;<br \/>\n24. Z. Lirim Bulica n\u00eb Gjykat\u00ebn e Shkall\u00ebs s\u00eb Par\u00eb t\u00eb Juridiksionit t\u00eb P\u00ebrgjithsh\u00ebm Lezh\u00eb;<br \/>\n25. Znj. Juliana Pjetri n\u00eb Gjykat\u00ebn e Shkall\u00ebs s\u00eb Par\u00eb t\u00eb Juridiksionit t\u00eb P\u00ebrgjithsh\u00ebm Fier;<br \/>\n26. Znj. Egla Mirashi n\u00eb Gjykat\u00ebn e Shkall\u00ebs s\u00eb Par\u00eb t\u00eb Juridiksionit t\u00eb P\u00ebrgjithsh\u00ebm<br \/>\nShkod\u00ebr;<br \/>\n27. Znj. Nertila P\u00ebrallaj n\u00eb Gjykat\u00ebn e Shkall\u00ebs s\u00eb Par\u00eb t\u00eb Juridiksionit t\u00eb P\u00ebrgjithsh\u00ebm<br \/>\nGjirokast\u00ebr;<br \/>\n28. Znj. Elona M\u00ebrtiri n\u00eb Gjykat\u00ebn e Shkall\u00ebs s\u00eb Par\u00eb t\u00eb Juridiksionit t\u00eb P\u00ebrgjithsh\u00ebm<br \/>\nShkod\u00ebr;<br \/>\n29. Znj. Anisa Brinja n\u00eb Gjykat\u00ebn e Shkall\u00ebs s\u00eb Par\u00eb t\u00eb Juridiksionit t\u00eb P\u00ebrgjithsh\u00ebm<br \/>\nShkod\u00ebr;<br \/>\n30. Znj. Elena Tafa n\u00eb Gjykat\u00ebn e Shkall\u00ebs s\u00eb Par\u00eb t\u00eb Juridiksionit t\u00eb P\u00ebrgjithsh\u00ebm Kor\u00e7\u00eb;<br \/>\n31. Znj. Lumturi Zhupa n\u00eb Gjykat\u00ebn e Shkall\u00ebs s\u00eb Par\u00eb t\u00eb Juridiksionit t\u00eb P\u00ebrgjithsh\u00ebm Berat;<br \/>\n32. Z. Ilirjan Hysa n\u00eb Gjykat\u00ebn e Shkall\u00ebs s\u00eb Par\u00eb t\u00eb Juridiksionit t\u00eb P\u00ebrgjithsh\u00ebm Berat;<br \/>\n33. Znj. Entela Selmanaj n\u00eb Gjykat\u00ebn e Shkall\u00ebs s\u00eb Par\u00eb t\u00eb Juridiksionit t\u00eb P\u00ebrgjithsh\u00ebm<br \/>\nGjirokast\u00ebr;<br \/>\n34. Z. Entiljano Spahiu n\u00eb Gjykat\u00ebn e Shkall\u00ebs s\u00eb Par\u00eb t\u00eb Juridiksionit t\u00eb P\u00ebrgjithsh\u00ebm<br \/>\nSarand\u00eb;<br \/>\n35. Z. Ervin Kore n\u00eb Gjykat\u00ebn e Shkall\u00ebs s\u00eb Par\u00eb t\u00eb Juridiksionit t\u00eb P\u00ebrgjithsh\u00ebm Kor\u00e7\u00eb;<br \/>\n36. Z. Romeo Merruko n\u00eb Gjykat\u00ebn e Shkall\u00ebs s\u00eb Par\u00eb t\u00eb Juridiksionit t\u00eb P\u00ebrgjithsh\u00ebm Dib\u00ebr;<br \/>\n37. Znj. Mevlute \u00c7aushi n\u00eb Gjykat\u00ebn e Shkall\u00ebs s\u00eb Par\u00eb t\u00eb Juridiksionit t\u00eb P\u00ebrgjithsh\u00ebm<br \/>\nDib\u00ebr;<br \/>\n38. Z. Orald Hoxha n\u00eb Gjykat\u00ebn e Shkall\u00ebs s\u00eb Par\u00eb t\u00eb Juridiksionit t\u00eb P\u00ebrgjithsh\u00ebm Dib\u00ebr;<br \/>\n39. Znj. Ajshe Xhafa n\u00eb Gjykat\u00ebn e Shkall\u00ebs s\u00eb Par\u00eb t\u00eb Juridiksionit t\u00eb P\u00ebrgjithsh\u00ebm Kuk\u00ebs;<br \/>\n40. Znj. Enkeleda Halilaj n\u00eb Gjykat\u00ebn e Shkall\u00ebs s\u00eb Par\u00eb t\u00eb Juridiksionit t\u00eb P\u00ebrgjithsh\u00ebm<br \/>\nDib\u00ebr.<\/p>\n","protected":false},"excerpt":{"rendered":"<p>K\u00ebshilli i Lart\u00eb Gjyq\u00ebsor u mblodh t\u00eb enjten dhe vendosi p\u00ebr caktimin n\u00eb pozicione t\u00eb 40 gjyqtar\u00ebve t\u00eb em\u00ebruar nj\u00eb jav\u00eb m\u00eb par\u00eb t\u00eb cil\u00ebt nes\u00ebr do t\u00eb\u00a0kryejn\u00eb betimin. 40 gjyqtar\u00ebt\u00a0e rinj, kan\u00eb p\u00ebrfunduar Shkoll\u00ebn e Magjistratur\u00ebs n\u00eb vitin akademik 2022-2023 dhe do t\u00eb betohen nes\u00ebr n\u00eb ceremonin\u00eb q\u00eb do t\u00eb zhvillohet n\u00eb or\u00ebn 12:00, [&hellip;]<\/p>\n","protected":false},"author":5,"featured_media":55673,"comment_status":"closed","ping_status":"closed","sticky":false,"template":"","format":"standard","meta":{"footnotes":""},"categories":[1,6332],"tags":[27070],"class_list":{"0":"post-66650","1":"post","2":"type-post","3":"status-publish","4":"format-standard","5":"has-post-thumbnail","7":"category-aktualitet","8":"category-te-fundit","9":"tag-emrat-qytetet-ja-kush-jane-40-gjyqtaret-qe-i-shtohen-sistemit-te-drejtesise"},"_links":{"self":[{"href":"https:\/\/jugulajm.net\/index.php?rest_route=\/wp\/v2\/posts\/66650","targetHints":{"allow":["GET"]}}],"collection":[{"href":"https:\/\/jugulajm.net\/index.php?rest_route=\/wp\/v2\/posts"}],"about":[{"href":"https:\/\/jugulajm.net\/index.php?rest_route=\/wp\/v2\/types\/post"}],"author":[{"embeddable":true,"href":"https:\/\/jugulajm.net\/index.php?rest_route=\/wp\/v2\/users\/5"}],"replies":[{"embeddable":true,"href":"https:\/\/jugulajm.net\/index.php?rest_route=%2Fwp%2Fv2%2Fcomments&post=66650"}],"version-history":[{"count":0,"href":"https:\/\/jugulajm.net\/index.php?rest_route=\/wp\/v2\/posts\/66650\/revisions"}],"wp:featuredmedia":[{"embeddable":true,"href":"https:\/\/jugulajm.net\/index.php?rest_route=\/wp\/v2\/media\/55673"}],"wp:attachment":[{"href":"https:\/\/jugulajm.net\/index.php?rest_route=%2Fwp%2Fv2%2Fmedia&parent=66650"}],"wp:term":[{"taxonomy":"category","embeddable":true,"href":"https:\/\/jugulajm.net\/index.php?rest_route=%2Fwp%2Fv2%2Fcategories&post=66650"},{"taxonomy":"post_tag","embeddable":true,"href":"https:\/\/jugulajm.net\/index.php?rest_route=%2Fwp%2Fv2%2Ftags&post=66650"}],"curies":[{"name":"wp","href":"https:\/\/api.w.org\/{rel}","templated":true}]}}