{"id":66596,"date":"2023-10-18T10:45:40","date_gmt":"2023-10-18T08:45:40","guid":{"rendered":"https:\/\/jugulajm.net\/?p=66596"},"modified":"2023-10-18T10:47:46","modified_gmt":"2023-10-18T08:47:46","slug":"video-bashkia-memaliaj-heq-mbeturinat-nga-lumi-vjose-xhelozohet-ministrja-e-plehrave-mirela-kumbaro","status":"publish","type":"post","link":"https:\/\/jugulajm.net\/?p=66596","title":{"rendered":"VIDEO\/Bashkia Memaliaj heq mbeturinat nga lumi Vjos\u00eb, xhelozohet ministrja e plehrave Mirela Kumbaro"},"content":{"rendered":"<p>Deri n\u00eb mes t\u00eb qershorit, ky vend ketu ne Mogila, ishte nen zjarr pasi digjeshin mbeturinat jo vetem te Memaliajt, por te te gjithe bashkise. Mbetjet pasi digjeshin percilleshin ne Vjose lume i shpallur si Park Kombetar.<\/p>\n<p>Nd\u00ebrsa sot, kjo \u00ebsht\u00eb pamja n\u00eb antitez\u00eb me at\u00eb \u00e7far\u00eb u trash\u00ebgua prej bashkis\u00eb s\u00eb Laertit dhe Kumbaros. Nj\u00eb projekt konkret nga Bashkia e Memaliajt, ka p\u00ebr synim t\u00eb rikthej\u00eb k\u00ebt\u00eb zon\u00eb dikur m\u00eb t\u00eb ndotur, n\u00eb nj\u00eb vend t\u00eb gjelb\u00ebruar duke e zhdukur nj\u00eb her\u00eb e mir\u00eb nga harta e zonave t\u00eb ndotura. Sot p\u00ebrmes nj\u00eb aksioni t\u00eb plot\u00eb nga Nd\u00ebrmarrja e Sh\u00ebrbimeve Publike, nisi aksioni p\u00ebr pastrimin e vendit ku depozitoheshin dhe digjeshin mbetjet urbane p\u00ebr 32 vjet rresht duke u vendosur fidan\u00ebt e par\u00eb. Nd\u00ebrsa mbeturinat prej 3 muajsh kompostohen n\u00eb nj\u00eb tjet\u00ebr zon\u00eb larg vendbanimeve dhe shum\u00eb her\u00eb m\u00eb larg rjedh\u00ebs s\u00eb Vjos\u00ebs.<\/p>\n<p>P\u00ebr kryebashkiakun Albert Malaj, zhvendosja e vendgrumbullimit t\u00eb mbetjeve urbane nga shtrati i lumit Vjosa Park Komb\u00ebtar n\u00eb nj\u00eb destinacion t\u00eb sigurt dhe larg vendbanimeve, ka qen\u00eb par\u00ebsore p\u00ebr t\u00eb. I pyetur n\u00ebse ndihej i fyer nga mosp\u00ebrfshirjen e Bashkis\u00eb Memaliaj n\u00eb kalendarin e aktiviteteve t\u00eb Ministris\u00eb s\u00eb Kumbaros p\u00ebr pastrimin e Vjos\u00ebs, zoti Malaj shprehet se kjo nuk i ka b\u00ebr\u00eb aspak p\u00ebrshtypje, pasi ka kalendarin e tij t\u00eb aktiviteteve pastruese t\u00eb Vjos\u00ebs.<\/p>\n","protected":false},"excerpt":{"rendered":"<p>Deri n\u00eb mes t\u00eb qershorit, ky vend ketu ne Mogila, ishte nen zjarr pasi digjeshin mbeturinat jo vetem te Memaliajt, por te te gjithe bashkise. Mbetjet pasi digjeshin percilleshin ne Vjose lume i shpallur si Park Kombetar. Nd\u00ebrsa sot, kjo \u00ebsht\u00eb pamja n\u00eb antitez\u00eb me at\u00eb \u00e7far\u00eb u trash\u00ebgua prej bashkis\u00eb s\u00eb Laertit dhe Kumbaros. [&hellip;]<\/p>\n","protected":false},"author":5,"featured_media":66599,"comment_status":"closed","ping_status":"closed","sticky":false,"template":"","format":"video","meta":{"footnotes":""},"categories":[1,6332,26832],"tags":[22645,23233],"class_list":{"0":"post-66596","1":"post","2":"type-post","3":"status-publish","4":"format-video","5":"has-post-thumbnail","7":"category-aktualitet","8":"category-te-fundit","9":"category-video","10":"tag-albert-malaj","11":"tag-bashkia-memaliaj","12":"post_format-post-format-video"},"_links":{"self":[{"href":"https:\/\/jugulajm.net\/index.php?rest_route=\/wp\/v2\/posts\/66596","targetHints":{"allow":["GET"]}}],"collection":[{"href":"https:\/\/jugulajm.net\/index.php?rest_route=\/wp\/v2\/posts"}],"about":[{"href":"https:\/\/jugulajm.net\/index.php?rest_route=\/wp\/v2\/types\/post"}],"author":[{"embeddable":true,"href":"https:\/\/jugulajm.net\/index.php?rest_route=\/wp\/v2\/users\/5"}],"replies":[{"embeddable":true,"href":"https:\/\/jugulajm.net\/index.php?rest_route=%2Fwp%2Fv2%2Fcomments&post=66596"}],"version-history":[{"count":0,"href":"https:\/\/jugulajm.net\/index.php?rest_route=\/wp\/v2\/posts\/66596\/revisions"}],"wp:featuredmedia":[{"embeddable":true,"href":"https:\/\/jugulajm.net\/index.php?rest_route=\/wp\/v2\/media\/66599"}],"wp:attachment":[{"href":"https:\/\/jugulajm.net\/index.php?rest_route=%2Fwp%2Fv2%2Fmedia&parent=66596"}],"wp:term":[{"taxonomy":"category","embeddable":true,"href":"https:\/\/jugulajm.net\/index.php?rest_route=%2Fwp%2Fv2%2Fcategories&post=66596"},{"taxonomy":"post_tag","embeddable":true,"href":"https:\/\/jugulajm.net\/index.php?rest_route=%2Fwp%2Fv2%2Ftags&post=66596"}],"curies":[{"name":"wp","href":"https:\/\/api.w.org\/{rel}","templated":true}]}}