{"id":66572,"date":"2023-10-17T17:05:53","date_gmt":"2023-10-17T15:05:53","guid":{"rendered":"https:\/\/jugulajm.net\/?p=66572"},"modified":"2023-10-17T17:05:53","modified_gmt":"2023-10-17T15:05:53","slug":"foto-aksident-furgoni-perplaset-me-makinen-2-te-lenduar","status":"publish","type":"post","link":"https:\/\/jugulajm.net\/?p=66572","title":{"rendered":"FOTO\/ Aksident, furgoni p\u00ebrplaset me makin\u00ebn, 2 t\u00eb l\u00ebnduar"},"content":{"rendered":"<p>Nj\u00eb aksident \u00ebsht\u00eb regjistruar pak momente m\u00eb par\u00eb n\u00eb aksin nacional Pogradec-Qaf\u00eb-Than\u00eb n\u00eb af\u00ebrsi t\u00eb fshatit Pojsk\u00eb.<\/p>\n<p>Sipas informacioneve paraprake m\u00ebsohet se n\u00eb aksident jan\u00eb p\u00ebrfshir\u00eb nj\u00eb furgon dhe nj\u00eb mjet, ku p\u00ebr pasoj\u00eb kan\u00eb mbetur t\u00eb d\u00ebmtuar 2 shtetas t\u00eb cil\u00ebt u transportuan n\u00eb spitalin e Pogradecit.<\/p>\n<p>Policia n\u00eb vendngjarje po punon p\u00ebr t\u00eb zbardhur rrethanat e aksidentit nd\u00ebrkoh\u00eb paraprakisht dyshohet se aksidenti ka ndodhur p\u00ebr shkak t\u00eb lag\u00ebshtis\u00eb n\u00eb rrug\u00eb.<\/p>\n","protected":false},"excerpt":{"rendered":"<p>Nj\u00eb aksident \u00ebsht\u00eb regjistruar pak momente m\u00eb par\u00eb n\u00eb aksin nacional Pogradec-Qaf\u00eb-Than\u00eb n\u00eb af\u00ebrsi t\u00eb fshatit Pojsk\u00eb. Sipas informacioneve paraprake m\u00ebsohet se n\u00eb aksident jan\u00eb p\u00ebrfshir\u00eb nj\u00eb furgon dhe nj\u00eb mjet, ku p\u00ebr pasoj\u00eb kan\u00eb mbetur t\u00eb d\u00ebmtuar 2 shtetas t\u00eb cil\u00ebt u transportuan n\u00eb spitalin e Pogradecit. Policia n\u00eb vendngjarje po punon p\u00ebr t\u00eb [&hellip;]<\/p>\n","protected":false},"author":5,"featured_media":66573,"comment_status":"closed","ping_status":"closed","sticky":false,"template":"","format":"standard","meta":{"footnotes":""},"categories":[1,6332],"tags":[27035,23153,27034],"class_list":{"0":"post-66572","1":"post","2":"type-post","3":"status-publish","4":"format-standard","5":"has-post-thumbnail","7":"category-aktualitet","8":"category-te-fundit","9":"tag-2-te-lenduar","10":"tag-foto-aksident","11":"tag-furgoni-perplaset-me-makinen"},"_links":{"self":[{"href":"https:\/\/jugulajm.net\/index.php?rest_route=\/wp\/v2\/posts\/66572","targetHints":{"allow":["GET"]}}],"collection":[{"href":"https:\/\/jugulajm.net\/index.php?rest_route=\/wp\/v2\/posts"}],"about":[{"href":"https:\/\/jugulajm.net\/index.php?rest_route=\/wp\/v2\/types\/post"}],"author":[{"embeddable":true,"href":"https:\/\/jugulajm.net\/index.php?rest_route=\/wp\/v2\/users\/5"}],"replies":[{"embeddable":true,"href":"https:\/\/jugulajm.net\/index.php?rest_route=%2Fwp%2Fv2%2Fcomments&post=66572"}],"version-history":[{"count":0,"href":"https:\/\/jugulajm.net\/index.php?rest_route=\/wp\/v2\/posts\/66572\/revisions"}],"wp:featuredmedia":[{"embeddable":true,"href":"https:\/\/jugulajm.net\/index.php?rest_route=\/wp\/v2\/media\/66573"}],"wp:attachment":[{"href":"https:\/\/jugulajm.net\/index.php?rest_route=%2Fwp%2Fv2%2Fmedia&parent=66572"}],"wp:term":[{"taxonomy":"category","embeddable":true,"href":"https:\/\/jugulajm.net\/index.php?rest_route=%2Fwp%2Fv2%2Fcategories&post=66572"},{"taxonomy":"post_tag","embeddable":true,"href":"https:\/\/jugulajm.net\/index.php?rest_route=%2Fwp%2Fv2%2Ftags&post=66572"}],"curies":[{"name":"wp","href":"https:\/\/api.w.org\/{rel}","templated":true}]}}