{"id":66542,"date":"2023-10-16T21:39:46","date_gmt":"2023-10-16T19:39:46","guid":{"rendered":"https:\/\/jugulajm.net\/?p=66542"},"modified":"2023-10-16T21:39:46","modified_gmt":"2023-10-16T19:39:46","slug":"macron-vlereson-kadarene-me-dekoraten-e-oficerit-te-madh-te-legjionit-te-nderit","status":"publish","type":"post","link":"https:\/\/jugulajm.net\/?p=66542","title":{"rendered":"Macron vler\u00ebson Kadaren\u00eb me Dekorat\u00ebn e \u201cOficerit t\u00eb Madh t\u00eb Legjionit t\u00eb Nderit\u201d"},"content":{"rendered":"<p>Me nj\u00eb fjalim vler\u00ebsues, presidenti i Franc\u00ebs Emmanuel Macron, i cili ndodhet p\u00ebr her\u00eb t\u00eb par\u00eb p\u00ebr nj\u00eb vizit\u00eb zyrtare n\u00eb Tiran\u00eb, ka dekoruar me titullin Oficer i Lart\u00eb t\u00eb Legjionit t\u00eb Nderit shkrimtarin shqiptar Ismail Kadare.<\/p>\n<p>\u2018I dashur Ismail\u00a0Kadare, \u2018t\u00eb jetosh \u00ebsht\u00eb t\u00eb luftosh\u2019 thoshte Soneka, th\u00ebnien e tij ju e keni shnd\u00ebrruar n\u00eb \u2018t\u00eb shkruash do t\u00eb thot\u00eb t\u00eb luftosh\u2019.<\/p>\n<p>Ju rrit\u00ebt nj\u00eb xhevahir arkitekture, qyteti i Gjirokastr\u00ebs n\u00eb nj\u00eb sht\u00ebpi t\u00eb madhe plot\u00a0dhoma bosh, q\u00eb ju e popullonit me \u00ebndrrat tuaja.<\/p>\n<p>N\u00eb vend q\u00eb t\u2019i k\u00ebndonit optimizmit sovjetik, ju lejoni t\u00eb dep\u00ebrtoni melankolia e jet\u00ebs, mjegulla dhe rrebeshet e saj.<\/p>\n<p>Nj\u00eb vend q\u00eb jetonte para jush para se ju t\u00eb jetonit atje. I k\u00ebndonit me vargje bukuris\u00eb s\u00eb nj\u00eb qyteti q\u00eb nuk e kishit shkelur kurr\u00eb. Ju ishit b\u00ebr\u00eb p\u00ebr t\u00eb jetuar n\u00eb Paris.<\/p>\n<p>Ju nuk sillnit shishe vere, ju sillnit libra, libra, libra dhe shum\u00eb t\u00eb tjera q\u00eb ua dhuronit miqve shqiptar\u00eb si shishe me liri.<\/p>\n<p>Si p\u00ebr t\u00eb provuar q\u00eb miq\u00ebsit\u00eb\u2026\u00a0nuk jan\u00eb vet\u00ebm miq\u00ebsi n\u00eb letra\u2026 Klod Duran organizoi bashk\u00eb me ju n\u00eb 1990 arratisjen tuaj.<\/p>\n<p>N\u00eb Tiran\u00eb ikja juaj solli protestat e para t\u00eb student\u00ebve q\u00eb prej m\u00eb shum\u00eb se 40 vjet\u00ebsh.<\/p>\n<p>Ju kontribuuat n\u00eb zgjimin e madh t\u00eb popujve q\u00eb ngrit\u00ebn\u00a0perden e hekurt.<\/p>\n<p>I dashur Isamil Kadare ndonj\u00ebher\u00eb ju ndjeni keqardhje p\u00ebr ato vite q\u00eb ju kan\u00eb shtypur. Liria, q\u00eb u mbyllin goj\u00ebn ka p\u00ebshp\u00ebritje me t\u00eb forta, se britmat.<\/p>\n<p>Poet i Ballkanit, Rapsod i Evrop\u00ebs kam nderin tu ngre n\u00eb grad\u00ebn e Oficerit t\u00eb Lart\u00eb n\u00eb Urdhrin e Legjionit t\u00eb Nderit.\u2019- tha Macron.<\/p>\n","protected":false},"excerpt":{"rendered":"<p>Me nj\u00eb fjalim vler\u00ebsues, presidenti i Franc\u00ebs Emmanuel Macron, i cili ndodhet p\u00ebr her\u00eb t\u00eb par\u00eb p\u00ebr nj\u00eb vizit\u00eb zyrtare n\u00eb Tiran\u00eb, ka dekoruar me titullin Oficer i Lart\u00eb t\u00eb Legjionit t\u00eb Nderit shkrimtarin shqiptar Ismail Kadare. \u2018I dashur Ismail\u00a0Kadare, \u2018t\u00eb jetosh \u00ebsht\u00eb t\u00eb luftosh\u2019 thoshte Soneka, th\u00ebnien e tij ju e keni shnd\u00ebrruar n\u00eb [&hellip;]<\/p>\n","protected":false},"author":5,"featured_media":66543,"comment_status":"closed","ping_status":"closed","sticky":false,"template":"","format":"standard","meta":{"footnotes":""},"categories":[7665,6332],"tags":[27022],"class_list":{"0":"post-66542","1":"post","2":"type-post","3":"status-publish","4":"format-standard","5":"has-post-thumbnail","7":"category-art","8":"category-te-fundit","9":"tag-macron-vlereson-kadarene-me-dekoraten-e-oficerit-te-madh-te-legjionit-te-nderit"},"_links":{"self":[{"href":"https:\/\/jugulajm.net\/index.php?rest_route=\/wp\/v2\/posts\/66542","targetHints":{"allow":["GET"]}}],"collection":[{"href":"https:\/\/jugulajm.net\/index.php?rest_route=\/wp\/v2\/posts"}],"about":[{"href":"https:\/\/jugulajm.net\/index.php?rest_route=\/wp\/v2\/types\/post"}],"author":[{"embeddable":true,"href":"https:\/\/jugulajm.net\/index.php?rest_route=\/wp\/v2\/users\/5"}],"replies":[{"embeddable":true,"href":"https:\/\/jugulajm.net\/index.php?rest_route=%2Fwp%2Fv2%2Fcomments&post=66542"}],"version-history":[{"count":0,"href":"https:\/\/jugulajm.net\/index.php?rest_route=\/wp\/v2\/posts\/66542\/revisions"}],"wp:featuredmedia":[{"embeddable":true,"href":"https:\/\/jugulajm.net\/index.php?rest_route=\/wp\/v2\/media\/66543"}],"wp:attachment":[{"href":"https:\/\/jugulajm.net\/index.php?rest_route=%2Fwp%2Fv2%2Fmedia&parent=66542"}],"wp:term":[{"taxonomy":"category","embeddable":true,"href":"https:\/\/jugulajm.net\/index.php?rest_route=%2Fwp%2Fv2%2Fcategories&post=66542"},{"taxonomy":"post_tag","embeddable":true,"href":"https:\/\/jugulajm.net\/index.php?rest_route=%2Fwp%2Fv2%2Ftags&post=66542"}],"curies":[{"name":"wp","href":"https:\/\/api.w.org\/{rel}","templated":true}]}}