{"id":66527,"date":"2023-10-16T13:41:03","date_gmt":"2023-10-16T11:41:03","guid":{"rendered":"https:\/\/jugulajm.net\/?p=66527"},"modified":"2023-10-16T13:41:03","modified_gmt":"2023-10-16T11:41:03","slug":"kryeministri-grek-betimi-i-belerit-kusht-per-integrimin-e-shqiperise","status":"publish","type":"post","link":"https:\/\/jugulajm.net\/?p=66527","title":{"rendered":"Kryeministri grek: Betimi i Belerit, kusht p\u00ebr integrimin e Shqip\u00ebris\u00eb"},"content":{"rendered":"<p>Kryeministri grek Kyriakos Mitsotakis i pranish\u00ebm n\u00eb Samitin q\u00eb po zhvillohet tha p\u00ebr mediat se \u00e7\u00ebshtja e Belerit duhet t\u00eb zgjidhet sa m\u00eb shpejt. Ai u shpreh se do t\u00eb flas\u00eb me Ram\u00ebn p\u00ebr t\u2019i k\u00ebrkuar betimin e Belerit si kryebashkiak i Himar\u00ebs.<\/p>\n<p><em>&#8220;Fatkeq\u00ebsisht n\u00eb muajt e fundit Shqip\u00ebria ka b\u00ebr\u00eb hapa pas n\u00eb respektimin e t\u00eb drejt\u00ebs dhe k\u00ebtu i referohem rastit t\u00eb kryetarit t\u00eb zgjedhur t\u00eb Himar\u00ebs q\u00eb ka pes\u00eb muaj q\u00eb ndodhet n\u00eb burg. Dua t\u00eb theksoj respektin tim p\u00ebr pavar\u00ebsin\u00eb e drejt\u00ebsis\u00eb shqiptare. Nuk dua t\u00eb nd\u00ebrhy n\u00eb pun\u00eb e saj, por dua t\u00eb theksoj se Fredi Beleri ka t\u00eb drejt\u00eb t\u00eb betohet edhe si i paraburgosur sepse k\u00ebt\u00eb e parashikon ligji shqiptar. \u00cbsht\u00eb e r\u00ebnd\u00ebsishme q\u00eb Beleri t\u00eb betohet si kryetar i bashkis\u00eb s\u00eb Himar\u00ebs q\u00eb t\u00eb largohet kjo hije q\u00eb ndikon mbi marr\u00ebdh\u00ebniet greko-shqiptare. Zgjidhja e k\u00ebsaj teme \u00ebsht\u00eb nj\u00eb kusht i e k\u00ebsaj teme \u00ebsht\u00eb nj\u00eb kusht i domosdosh\u00ebm q\u00eb Greqia t\u00eb bije dakord p\u00ebr nisjen e procesit t\u00eb integrimit t\u00eb Shqip\u00ebris\u00eb n\u00eb Bashkimin Europian. Shpresoj dhe lutem q\u00eb ky problem t\u00eb zgjidhet n\u00eb vazhd\u00ebn e frym\u00ebs s\u00eb mir\u00eb t\u00eb bashk\u00ebpunimit q\u00eb t\u00eb mos ndikoj\u00eb n\u00eb marr\u00ebdh\u00ebniet mes dy vendeve.\u201d- u shpreh kryeministri grek.<\/em><\/p>\n","protected":false},"excerpt":{"rendered":"<p>Kryeministri grek Kyriakos Mitsotakis i pranish\u00ebm n\u00eb Samitin q\u00eb po zhvillohet tha p\u00ebr mediat se \u00e7\u00ebshtja e Belerit duhet t\u00eb zgjidhet sa m\u00eb shpejt. Ai u shpreh se do t\u00eb flas\u00eb me Ram\u00ebn p\u00ebr t\u2019i k\u00ebrkuar betimin e Belerit si kryebashkiak i Himar\u00ebs. &#8220;Fatkeq\u00ebsisht n\u00eb muajt e fundit Shqip\u00ebria ka b\u00ebr\u00eb hapa pas n\u00eb respektimin [&hellip;]<\/p>\n","protected":false},"author":5,"featured_media":59059,"comment_status":"closed","ping_status":"closed","sticky":false,"template":"","format":"standard","meta":{"footnotes":""},"categories":[1,7664,6332],"tags":[27012,27013],"class_list":{"0":"post-66527","1":"post","2":"type-post","3":"status-publish","4":"format-standard","5":"has-post-thumbnail","7":"category-aktualitet","8":"category-bota","9":"category-te-fundit","10":"tag-kryeministri-grek-betimi-i-belerit","11":"tag-kusht-per-integrimin-e-shqiperise"},"_links":{"self":[{"href":"https:\/\/jugulajm.net\/index.php?rest_route=\/wp\/v2\/posts\/66527","targetHints":{"allow":["GET"]}}],"collection":[{"href":"https:\/\/jugulajm.net\/index.php?rest_route=\/wp\/v2\/posts"}],"about":[{"href":"https:\/\/jugulajm.net\/index.php?rest_route=\/wp\/v2\/types\/post"}],"author":[{"embeddable":true,"href":"https:\/\/jugulajm.net\/index.php?rest_route=\/wp\/v2\/users\/5"}],"replies":[{"embeddable":true,"href":"https:\/\/jugulajm.net\/index.php?rest_route=%2Fwp%2Fv2%2Fcomments&post=66527"}],"version-history":[{"count":0,"href":"https:\/\/jugulajm.net\/index.php?rest_route=\/wp\/v2\/posts\/66527\/revisions"}],"wp:featuredmedia":[{"embeddable":true,"href":"https:\/\/jugulajm.net\/index.php?rest_route=\/wp\/v2\/media\/59059"}],"wp:attachment":[{"href":"https:\/\/jugulajm.net\/index.php?rest_route=%2Fwp%2Fv2%2Fmedia&parent=66527"}],"wp:term":[{"taxonomy":"category","embeddable":true,"href":"https:\/\/jugulajm.net\/index.php?rest_route=%2Fwp%2Fv2%2Fcategories&post=66527"},{"taxonomy":"post_tag","embeddable":true,"href":"https:\/\/jugulajm.net\/index.php?rest_route=%2Fwp%2Fv2%2Ftags&post=66527"}],"curies":[{"name":"wp","href":"https:\/\/api.w.org\/{rel}","templated":true}]}}