{"id":66507,"date":"2023-10-15T21:35:58","date_gmt":"2023-10-15T19:35:58","guid":{"rendered":"https:\/\/jugulajm.net\/?p=66507"},"modified":"2023-10-15T21:35:58","modified_gmt":"2023-10-15T19:35:58","slug":"lajm-i-fundit-31-vjecari-gjendet-i-pajete-nga-familjaret-ja-dyshimet","status":"publish","type":"post","link":"https:\/\/jugulajm.net\/?p=66507","title":{"rendered":"LAJM I FUNDIT\/ 31-vje\u00e7ari gjendet i pajet\u00eb nga familjar\u00ebt, ja dyshimet&#8230;"},"content":{"rendered":"<div id=\"wrapper-navbar\" class=\"header-top spcae-fixed\"><\/div>\n<div id=\"single-wrapper\" class=\"wrapper\">\n<div id=\"content\" class=\"container\" tabindex=\"-1\">\n<div class=\"row\">\n<div id=\"primary\" class=\"col-lg-9 col-sm-12 col-md-12 content-area pr-lg-4\"><main id=\"main\" class=\"site-main\"><\/p>\n<article id=\"post-1734988\" class=\"post-1734988 post type-post status-publish format-standard has-post-thumbnail hentry category-kryesore category-aktualitet category-te-fundit tag-31-vjecar tag-kukes\">\n<div class=\"featured-image d-sm-none d-block\">Nj\u00eb ngjarje e r\u00ebnd\u00eb raportohet t\u00eb ket\u00eb ndodhur n\u00eb fshatin Pla, t\u00eb Hasit.<\/div>\n<div><\/div>\n<\/article>\n<article id=\"post-1734988\" class=\"post-1734988 post type-post status-publish format-standard has-post-thumbnail hentry category-kryesore category-aktualitet category-te-fundit tag-31-vjecar tag-kukes\">\n<div class=\"entry-content mt-sm-5 mt-3 px-sm-5 px-3\">\n<div class=\"row\">\n<div class=\"col\">\n<p>Familjar\u00ebt kan\u00eb gjetur n\u00eb banes\u00eb pa shenja jete shtetasin 31-vje\u00e7ar.<\/p>\n<p>Dyshohet se i riu \u00ebsht\u00eb vet\u00ebvrar\u00eb me arm\u00eb gjahu.<\/p>\n<p>N\u00eb cil\u00ebsin\u00eb e prov\u00ebs materiale \u00ebsht\u00eb sekuestruar arma e gjahut, e cila posedohej me leje nga babai i 31-vje\u00e7arit.<\/p>\n<\/div>\n<\/div>\n<\/div>\n<\/article>\n<p><\/main><\/div>\n<\/div>\n<\/div>\n<\/div>\n","protected":false},"excerpt":{"rendered":"<p>Nj\u00eb ngjarje e r\u00ebnd\u00eb raportohet t\u00eb ket\u00eb ndodhur n\u00eb fshatin Pla, t\u00eb Hasit. Familjar\u00ebt kan\u00eb gjetur n\u00eb banes\u00eb pa shenja jete shtetasin 31-vje\u00e7ar. Dyshohet se i riu \u00ebsht\u00eb vet\u00ebvrar\u00eb me arm\u00eb gjahu. N\u00eb cil\u00ebsin\u00eb e prov\u00ebs materiale \u00ebsht\u00eb sekuestruar arma e gjahut, e cila posedohej me leje nga babai i 31-vje\u00e7arit.<\/p>\n","protected":false},"author":5,"featured_media":55172,"comment_status":"closed","ping_status":"closed","sticky":false,"template":"","format":"standard","meta":{"footnotes":""},"categories":[1,6332],"tags":[20344,27004],"class_list":{"0":"post-66507","1":"post","2":"type-post","3":"status-publish","4":"format-standard","5":"has-post-thumbnail","7":"category-aktualitet","8":"category-te-fundit","9":"tag-ja-dyshimet","10":"tag-lajm-i-fundit-31-vjecari-gjendet-i-pajete-nga-familjaret"},"_links":{"self":[{"href":"https:\/\/jugulajm.net\/index.php?rest_route=\/wp\/v2\/posts\/66507","targetHints":{"allow":["GET"]}}],"collection":[{"href":"https:\/\/jugulajm.net\/index.php?rest_route=\/wp\/v2\/posts"}],"about":[{"href":"https:\/\/jugulajm.net\/index.php?rest_route=\/wp\/v2\/types\/post"}],"author":[{"embeddable":true,"href":"https:\/\/jugulajm.net\/index.php?rest_route=\/wp\/v2\/users\/5"}],"replies":[{"embeddable":true,"href":"https:\/\/jugulajm.net\/index.php?rest_route=%2Fwp%2Fv2%2Fcomments&post=66507"}],"version-history":[{"count":0,"href":"https:\/\/jugulajm.net\/index.php?rest_route=\/wp\/v2\/posts\/66507\/revisions"}],"wp:featuredmedia":[{"embeddable":true,"href":"https:\/\/jugulajm.net\/index.php?rest_route=\/wp\/v2\/media\/55172"}],"wp:attachment":[{"href":"https:\/\/jugulajm.net\/index.php?rest_route=%2Fwp%2Fv2%2Fmedia&parent=66507"}],"wp:term":[{"taxonomy":"category","embeddable":true,"href":"https:\/\/jugulajm.net\/index.php?rest_route=%2Fwp%2Fv2%2Fcategories&post=66507"},{"taxonomy":"post_tag","embeddable":true,"href":"https:\/\/jugulajm.net\/index.php?rest_route=%2Fwp%2Fv2%2Ftags&post=66507"}],"curies":[{"name":"wp","href":"https:\/\/api.w.org\/{rel}","templated":true}]}}