{"id":66437,"date":"2023-10-14T10:32:45","date_gmt":"2023-10-14T08:32:45","guid":{"rendered":"https:\/\/jugulajm.net\/?p=66437"},"modified":"2023-10-14T10:32:45","modified_gmt":"2023-10-14T08:32:45","slug":"procesi-i-berlinit-ja-rruget-qe-do-te-bllokohen-ne-tirane","status":"publish","type":"post","link":"https:\/\/jugulajm.net\/?p=66437","title":{"rendered":"Procesi i Berlinit\/ Ja rrug\u00ebt q\u00eb do t\u00eb bllokohen n\u00eb Tiran\u00eb&#8230;"},"content":{"rendered":"<p>N\u00ebn masa t\u00eb rrepta sigurie do t\u00eb jet\u00eb Tirana p\u00ebr samitin e Procesit t\u00eb Berlinit q\u00eb do t\u00eb mbahet t\u00eb h\u00ebn\u00ebn n\u00eb kryeqytetin shqiptar, nj\u00eb event nd\u00ebrkomb\u00ebtar, ku do t\u00eb marrin pjes\u00eb lider\u00ebt e Ballkanit, t\u00eb shteteve an\u00ebtare t\u00eb Bashkimit Europian si dhe p\u00ebrfaq\u00ebsues t\u00eb lart\u00eb t\u00eb BE-s\u00eb.<\/p>\n<p>N\u00ebndrejtori i P\u00ebrgjithsh\u00ebm i Policis\u00eb s\u00eb Shtetit, Sokol Bizhga, n\u00eb nj\u00eb konferenc\u00eb p\u00ebr shtyp, b\u00ebri t\u00eb ditur se p\u00ebr mbar\u00ebvajtjen e k\u00ebtij samiti do t\u00eb jen\u00eb t\u00eb angazhuar 1604 forca policore.<\/p>\n<p>Masat e siguris\u00eb do t\u00eb fillojn\u00eb q\u00eb pasditen e t\u00eb diel\u00ebs (15 Tetor) me bllokimin e disa rrug\u00ebve n\u00eb qend\u00ebr t\u00eb Tiran\u00ebs, ku nuk do t\u00eb lejohet qarkullimi dhe parkimi i automjeteve.<\/p>\n<p>Nd\u00ebrsa n\u00eb dit\u00ebn e samitit, bizneset n\u00eb zon\u00ebn e perimetrit t\u00eb siguris\u00eb nuk do t\u00eb lejohet t\u00eb hapen.<\/p>\n<p>K\u00ebshtu, rrug\u00ebt q\u00eb do t\u00eb jen\u00eb t\u00eb bllokuara jan\u00eb bulevardi \u201cD\u00ebshmor\u00ebt e Kombit\u201d \u2013 ura e Dajtit deri te sheshi N\u00ebn\u00eb Tereza, bulevardi \u201cBajram Curri nga kryq\u00ebzimi me rrug\u00ebn e Elbasanit deri tek kryq\u00ebzimi i rrug\u00ebs Ibrahim Rrugova, Rruga Papa Gjon Pali II \u2013 ETC \u2013 RTSH \u2013 stadiumi, rruga Ismail Qemali deri te rruga e Elbasanit, rruga Mustafa Matohiti.<\/p>\n<p>Sipas Bizhg\u00ebs, n\u00eb k\u00ebto zona do t\u00eb lejohet vet\u00ebm qarkullimi n\u00eb k\u00ebmb\u00eb i banor\u00ebve rezident\u00eb.<\/p>\n<p>Nd\u00ebrsa n\u00eb rrug\u00ebn \u201cPapa Gjon Pali II\u201d nuk do t\u00eb lejohet as qarkullimi i k\u00ebmb\u00ebsor\u00ebve.<\/p>\n","protected":false},"excerpt":{"rendered":"<p>N\u00ebn masa t\u00eb rrepta sigurie do t\u00eb jet\u00eb Tirana p\u00ebr samitin e Procesit t\u00eb Berlinit q\u00eb do t\u00eb mbahet t\u00eb h\u00ebn\u00ebn n\u00eb kryeqytetin shqiptar, nj\u00eb event nd\u00ebrkomb\u00ebtar, ku do t\u00eb marrin pjes\u00eb lider\u00ebt e Ballkanit, t\u00eb shteteve an\u00ebtare t\u00eb Bashkimit Europian si dhe p\u00ebrfaq\u00ebsues t\u00eb lart\u00eb t\u00eb BE-s\u00eb. N\u00ebndrejtori i P\u00ebrgjithsh\u00ebm i Policis\u00eb s\u00eb Shtetit, [&hellip;]<\/p>\n","protected":false},"author":5,"featured_media":53187,"comment_status":"closed","ping_status":"closed","sticky":false,"template":"","format":"standard","meta":{"footnotes":""},"categories":[1,6332],"tags":[26959,26960],"class_list":{"0":"post-66437","1":"post","2":"type-post","3":"status-publish","4":"format-standard","5":"has-post-thumbnail","7":"category-aktualitet","8":"category-te-fundit","9":"tag-procesi-i-berlinit","10":"tag-policia-blindon-tiranen-cilat-jane-rruget-qe-do-te-bllokohen"},"_links":{"self":[{"href":"https:\/\/jugulajm.net\/index.php?rest_route=\/wp\/v2\/posts\/66437","targetHints":{"allow":["GET"]}}],"collection":[{"href":"https:\/\/jugulajm.net\/index.php?rest_route=\/wp\/v2\/posts"}],"about":[{"href":"https:\/\/jugulajm.net\/index.php?rest_route=\/wp\/v2\/types\/post"}],"author":[{"embeddable":true,"href":"https:\/\/jugulajm.net\/index.php?rest_route=\/wp\/v2\/users\/5"}],"replies":[{"embeddable":true,"href":"https:\/\/jugulajm.net\/index.php?rest_route=%2Fwp%2Fv2%2Fcomments&post=66437"}],"version-history":[{"count":0,"href":"https:\/\/jugulajm.net\/index.php?rest_route=\/wp\/v2\/posts\/66437\/revisions"}],"wp:featuredmedia":[{"embeddable":true,"href":"https:\/\/jugulajm.net\/index.php?rest_route=\/wp\/v2\/media\/53187"}],"wp:attachment":[{"href":"https:\/\/jugulajm.net\/index.php?rest_route=%2Fwp%2Fv2%2Fmedia&parent=66437"}],"wp:term":[{"taxonomy":"category","embeddable":true,"href":"https:\/\/jugulajm.net\/index.php?rest_route=%2Fwp%2Fv2%2Fcategories&post=66437"},{"taxonomy":"post_tag","embeddable":true,"href":"https:\/\/jugulajm.net\/index.php?rest_route=%2Fwp%2Fv2%2Ftags&post=66437"}],"curies":[{"name":"wp","href":"https:\/\/api.w.org\/{rel}","templated":true}]}}