{"id":66314,"date":"2023-10-11T21:39:02","date_gmt":"2023-10-11T19:39:02","guid":{"rendered":"https:\/\/jugulajm.net\/?p=66314"},"modified":"2023-10-11T21:39:02","modified_gmt":"2023-10-11T19:39:02","slug":"emrat-ndryshime-ne-policine-e-shkodres-ja-kush-iken-dhe-kush-vjen","status":"publish","type":"post","link":"https:\/\/jugulajm.net\/?p=66314","title":{"rendered":"EMRAT\/ Ndryshime n\u00eb policin\u00eb e Shkodr\u00ebs, ja kush ik\u00ebn dhe kush vjen"},"content":{"rendered":"<p>Ervin Hodo \u00ebsht\u00eb larguar nga detyra e tij si drejtor i Policis\u00eb Shkod\u00ebr. M\u00ebsohet se z\u00ebvend\u00ebsuesi i tij do t\u00eb jet\u00eb Edmond Sulaj.<\/p>\n<p>Hodo \u00ebsht\u00eb transferuar n\u00eb Tiran\u00eb si drejtor i krimeve t\u00eb r\u00ebnda n\u00eb drejtorin\u00eb e P\u00ebrgjithshme t\u00eb Policis\u00eb s\u00eb shtetit.<\/p>\n<p>Edmond Sulaj ka mbajtur detyr\u00ebn si Drejtor n\u00eb Drejtoris\u00eb kund\u00ebr Krimit ndaj Personit dhe Pasuris\u00eb, n\u00eb Departamentin e Policis\u00eb Kriminale, pran\u00eb Drejtoris\u00eb s\u00eb P\u00ebrgjithshme t\u00eb Policis\u00eb s\u00eb Shtetit.<\/p>\n","protected":false},"excerpt":{"rendered":"<p>Ervin Hodo \u00ebsht\u00eb larguar nga detyra e tij si drejtor i Policis\u00eb Shkod\u00ebr. M\u00ebsohet se z\u00ebvend\u00ebsuesi i tij do t\u00eb jet\u00eb Edmond Sulaj. Hodo \u00ebsht\u00eb transferuar n\u00eb Tiran\u00eb si drejtor i krimeve t\u00eb r\u00ebnda n\u00eb drejtorin\u00eb e P\u00ebrgjithshme t\u00eb Policis\u00eb s\u00eb shtetit. Edmond Sulaj ka mbajtur detyr\u00ebn si Drejtor n\u00eb Drejtoris\u00eb kund\u00ebr Krimit ndaj Personit [&hellip;]<\/p>\n","protected":false},"author":5,"featured_media":52254,"comment_status":"closed","ping_status":"closed","sticky":false,"template":"","format":"standard","meta":{"footnotes":""},"categories":[1,6332],"tags":[26906,24480],"class_list":{"0":"post-66314","1":"post","2":"type-post","3":"status-publish","4":"format-standard","5":"has-post-thumbnail","7":"category-aktualitet","8":"category-te-fundit","9":"tag-emrat-ndryshime-ne-policine-e-shkodres","10":"tag-ja-kush-iken-dhe-kush-vjen"},"_links":{"self":[{"href":"https:\/\/jugulajm.net\/index.php?rest_route=\/wp\/v2\/posts\/66314","targetHints":{"allow":["GET"]}}],"collection":[{"href":"https:\/\/jugulajm.net\/index.php?rest_route=\/wp\/v2\/posts"}],"about":[{"href":"https:\/\/jugulajm.net\/index.php?rest_route=\/wp\/v2\/types\/post"}],"author":[{"embeddable":true,"href":"https:\/\/jugulajm.net\/index.php?rest_route=\/wp\/v2\/users\/5"}],"replies":[{"embeddable":true,"href":"https:\/\/jugulajm.net\/index.php?rest_route=%2Fwp%2Fv2%2Fcomments&post=66314"}],"version-history":[{"count":0,"href":"https:\/\/jugulajm.net\/index.php?rest_route=\/wp\/v2\/posts\/66314\/revisions"}],"wp:featuredmedia":[{"embeddable":true,"href":"https:\/\/jugulajm.net\/index.php?rest_route=\/wp\/v2\/media\/52254"}],"wp:attachment":[{"href":"https:\/\/jugulajm.net\/index.php?rest_route=%2Fwp%2Fv2%2Fmedia&parent=66314"}],"wp:term":[{"taxonomy":"category","embeddable":true,"href":"https:\/\/jugulajm.net\/index.php?rest_route=%2Fwp%2Fv2%2Fcategories&post=66314"},{"taxonomy":"post_tag","embeddable":true,"href":"https:\/\/jugulajm.net\/index.php?rest_route=%2Fwp%2Fv2%2Ftags&post=66314"}],"curies":[{"name":"wp","href":"https:\/\/api.w.org\/{rel}","templated":true}]}}