{"id":66286,"date":"2023-10-11T12:32:13","date_gmt":"2023-10-11T10:32:13","guid":{"rendered":"https:\/\/jugulajm.net\/?p=66286"},"modified":"2023-10-11T12:32:13","modified_gmt":"2023-10-11T10:32:13","slug":"foto-studentet-qellojne-me-veze-godinen-e-ministrise-se-arsimit-kerkojne-doreheqjen-e-zv-ministres","status":"publish","type":"post","link":"https:\/\/jugulajm.net\/?p=66286","title":{"rendered":"FOTO\/ Student\u00ebt q\u00ebllojn\u00eb me vez\u00eb godin\u00ebn e Ministris\u00eb s\u00eb Arsimit, k\u00ebrkojn\u00eb dor\u00ebheqjen e zv\/ministres"},"content":{"rendered":"<p>Student\u00ebt e Mjek\u00ebsis\u00eb kan\u00eb dal\u00eb s\u00ebrish n\u00eb protest\u00eb, kund\u00ebr ligjit q\u00eb i detyron t\u00eb q\u00ebndroj\u00eb 5 vite n\u00eb Shqip\u00ebri, pas p\u00ebrfundimit t\u00eb studimeve.<\/p>\n<p>Ata po protestojn\u00eb para Ministris\u00eb s\u00eb Arsimit, ku k\u00ebrkojn\u00eb p\u00ebrballje publike me ministren Ogerta Manastirliu, nd\u00ebrsa m\u00ebsohet se n\u00eb Rrug\u00ebn e Durr\u00ebsit \u00ebsht\u00eb bllokuar qarkullimi.<\/p>\n<div>\n<div id=\"beacon_78e74d176e\"><img loading=\"lazy\" loading=\"lazy\" decoding=\"async\" src=\"http:\/\/ads.balkanweb.com\/www\/delivery\/lg.php?bannerid=0&amp;campaignid=0&amp;zoneid=295&amp;loc=http%3A%2F%2Fgazetashqiptare.al%2F2023%2F10%2F11%2Ffotolajm-kerkojne-doreheqjen-e-zv-ministres-studentet-qellojne-veze-ministrine-e-arsimit%2F%3Ffbclid%3DIwAR0KaiGPi3NgKc5Y2hu20bDE-ZUIbrDpN6K9oj8RCg8cpVZ2XtElrQ4c7A0&amp;referer=https%3A%2F%2Fl.facebook.com%2F&amp;cb=78e74d176e\" alt=\"\" width=\"0\" height=\"0\" \/><\/div>\n<div id=\"beacon_7b5595791e\"><a href=\"http:\/\/ads2.panorama.com.al\/www\/delivery\/lg.php?bannerid=125&amp;campaignid=932&amp;zoneid=1078&amp;loc=http%3A%2F%2Fwww.panorama.com.al%2Fprotesta-studentet-e-mjekesise-qellojne-me-veze-ministrine-e-arsimit-bllokojne-urbanet-ne-rruge%2F&amp;referer=http%3A%2F%2Fwww.panorama.com.al%2F&amp;cb=7b5595791e\" rel=\"lightbox\"><img loading=\"lazy\" loading=\"lazy\" decoding=\"async\" src=\"http:\/\/ads2.panorama.com.al\/www\/delivery\/lg.php?bannerid=125&amp;campaignid=932&amp;zoneid=1078&amp;loc=http%3A%2F%2Fwww.panorama.com.al%2Fprotesta-studentet-e-mjekesise-qellojne-me-veze-ministrine-e-arsimit-bllokojne-urbanet-ne-rruge%2F&amp;referer=http%3A%2F%2Fwww.panorama.com.al%2F&amp;cb=7b5595791e\" alt=\"\" width=\"0\" height=\"0\" \/><\/a><\/div>\n<p>Urban\u00eb t\u00eb disa linjave q\u00eb p\u00ebrshkojn\u00eb k\u00ebt\u00eb rrug\u00eb, jan\u00eb bllokuar dhe qytetar\u00ebt jan\u00eb detyruar t\u00eb zbresin nga mjetet e transportit publik.<\/p>\n<\/div>\n<p>Gjithashtu ata kan\u00eb q\u00eblluar me vez\u00eb n\u00eb drejtim t\u00eb godin\u00ebs s\u00eb Ministris\u00eb.<\/p>\n<p>Student\u00ebt jan\u00eb t\u00eb vendosur p\u00ebr t\u00eb vazhduar protest\u00ebn derisa k\u00ebrkesat e tyre t\u00eb d\u00ebgjohen.<\/p>\n","protected":false},"excerpt":{"rendered":"<p>Student\u00ebt e Mjek\u00ebsis\u00eb kan\u00eb dal\u00eb s\u00ebrish n\u00eb protest\u00eb, kund\u00ebr ligjit q\u00eb i detyron t\u00eb q\u00ebndroj\u00eb 5 vite n\u00eb Shqip\u00ebri, pas p\u00ebrfundimit t\u00eb studimeve. Ata po protestojn\u00eb para Ministris\u00eb s\u00eb Arsimit, ku k\u00ebrkojn\u00eb p\u00ebrballje publike me ministren Ogerta Manastirliu, nd\u00ebrsa m\u00ebsohet se n\u00eb Rrug\u00ebn e Durr\u00ebsit \u00ebsht\u00eb bllokuar qarkullimi. Urban\u00eb t\u00eb disa linjave q\u00eb p\u00ebrshkojn\u00eb k\u00ebt\u00eb [&hellip;]<\/p>\n","protected":false},"author":5,"featured_media":66287,"comment_status":"closed","ping_status":"closed","sticky":false,"template":"","format":"standard","meta":{"footnotes":""},"categories":[1,7520,6332],"tags":[26886,26887],"class_list":{"0":"post-66286","1":"post","2":"type-post","3":"status-publish","4":"format-standard","5":"has-post-thumbnail","7":"category-aktualitet","8":"category-arsim","9":"category-te-fundit","10":"tag-foto-studentet-qellojne-me-veze-godinen-e-ministrise-se-arsimit","11":"tag-kerkojne-doreheqjen-e-zv-ministres"},"_links":{"self":[{"href":"https:\/\/jugulajm.net\/index.php?rest_route=\/wp\/v2\/posts\/66286","targetHints":{"allow":["GET"]}}],"collection":[{"href":"https:\/\/jugulajm.net\/index.php?rest_route=\/wp\/v2\/posts"}],"about":[{"href":"https:\/\/jugulajm.net\/index.php?rest_route=\/wp\/v2\/types\/post"}],"author":[{"embeddable":true,"href":"https:\/\/jugulajm.net\/index.php?rest_route=\/wp\/v2\/users\/5"}],"replies":[{"embeddable":true,"href":"https:\/\/jugulajm.net\/index.php?rest_route=%2Fwp%2Fv2%2Fcomments&post=66286"}],"version-history":[{"count":0,"href":"https:\/\/jugulajm.net\/index.php?rest_route=\/wp\/v2\/posts\/66286\/revisions"}],"wp:featuredmedia":[{"embeddable":true,"href":"https:\/\/jugulajm.net\/index.php?rest_route=\/wp\/v2\/media\/66287"}],"wp:attachment":[{"href":"https:\/\/jugulajm.net\/index.php?rest_route=%2Fwp%2Fv2%2Fmedia&parent=66286"}],"wp:term":[{"taxonomy":"category","embeddable":true,"href":"https:\/\/jugulajm.net\/index.php?rest_route=%2Fwp%2Fv2%2Fcategories&post=66286"},{"taxonomy":"post_tag","embeddable":true,"href":"https:\/\/jugulajm.net\/index.php?rest_route=%2Fwp%2Fv2%2Ftags&post=66286"}],"curies":[{"name":"wp","href":"https:\/\/api.w.org\/{rel}","templated":true}]}}